{"id":10337,"date":"2025-07-23T17:11:22","date_gmt":"2025-07-23T15:11:22","guid":{"rendered":"https:\/\/operapaskaret.se\/otto-larsson\/"},"modified":"2025-07-23T20:18:42","modified_gmt":"2025-07-23T18:18:42","slug":"otto-larsson","status":"publish","type":"post","link":"https:\/\/operapaskaret.se\/en\/otto-larsson\/","title":{"rendered":"Otto Larsson"},"content":{"rendered":"<p>[et_pb_section fb_built=&#8221;1&#8243; _builder_version=&#8221;4.19.0&#8243; _module_preset=&#8221;default&#8221; custom_padding=&#8221;0px||2px|||&#8221; global_colors_info=&#8221;{}&#8221;][et_pb_row column_structure=&#8221;1_2,1_2&#8243; _builder_version=&#8221;4.19.2&#8243; _module_preset=&#8221;default&#8221; custom_css_main_element=&#8221;display: flex;||flex-wrap: wrap;&#8221; locked=&#8221;off&#8221; global_colors_info=&#8221;{}&#8221;][et_pb_column type=&#8221;1_2&#8243; _builder_version=&#8221;4.19.2&#8243; _module_preset=&#8221;default&#8221; global_colors_info=&#8221;{}&#8221; custom_css_main_element_last_edited=&#8221;on|phone&#8221; custom_css_main_element_phone=&#8221;order: 2;&#8221;][et_pb_text _builder_version=&#8221;4.20.4&#8243; _dynamic_attributes=&#8221;content&#8221; _module_preset=&#8221;default&#8221; text_font=&#8221;Bebas Neue|||on|||||&#8221; text_font_size=&#8221;50px&#8221; text_line_height=&#8221;1em&#8221; locked=&#8221;off&#8221; global_colors_info=&#8221;{}&#8221;]@ET-DC@eyJkeW5hbWljIjp0cnVlLCJjb250ZW50IjoicG9zdF90aXRsZSIsInNldHRpbmdzIjp7ImJlZm9yZSI6IiIsImFmdGVyIjoiIn19@[\/et_pb_text][et_pb_text _builder_version=&#8221;4.27.4&#8243; _module_preset=&#8221;default&#8221; hover_enabled=&#8221;0&#8243; global_colors_info=&#8221;{}&#8221; sticky_enabled=&#8221;0&#8243;]<\/p>\n<table>\n<tbody>\n<tr>\n<td>\n<p>The Swedish tenor <strong>Otto Larsson<\/strong> is studying classical singing at the School of Music and Opera at M\u00e4lardalen University. For the past two summers, he has sung in the chorus at Opera p\u00e5 Sk\u00e4ret, in <em>Rigoletto<\/em> and <em>Norma<\/em>. Otto frequently performs in church settings, both large and small, and is also a trained cantor.<\/p>\n<\/td>\n<\/tr>\n<\/tbody>\n<\/table>\n<p>[\/et_pb_text][et_pb_text disabled_on=&#8221;on|on|on&#8221; _builder_version=&#8221;4.27.4&#8243; _module_preset=&#8221;default&#8221; background_color=&#8221;#ECECEC&#8221; custom_padding=&#8221;30px|30px|30px|30px|false|false&#8221; disabled=&#8221;on&#8221; global_colors_info=&#8221;{}&#8221;]<\/p>\n<p>Mer om [Namn]<br \/><a href=\"#\">L\u00e4nktext<\/a><\/p>\n<p>[\/et_pb_text][\/et_pb_column][et_pb_column type=&#8221;1_2&#8243; _builder_version=&#8221;4.19.2&#8243; _module_preset=&#8221;default&#8221; global_colors_info=&#8221;{}&#8221; custom_css_main_element_last_edited=&#8221;on|phone&#8221; custom_css_main_element_phone=&#8221;order: 1;&#8221;][et_pb_image src=&#8221;https:\/\/operapaskaret.se\/wp-content\/uploads\/2025\/07\/photographer_andreas-hylthen-6423-scaled.jpg&#8221; alt=&#8221;Otto Larsson&#8221; title_text=&#8221;photographer_andreas hylthen-6423&#8243; _builder_version=&#8221;4.27.4&#8243; _module_preset=&#8221;default&#8221; global_colors_info=&#8221;{}&#8221;][\/et_pb_image][\/et_pb_column][\/et_pb_row][\/et_pb_section]<\/p>\n","protected":false},"excerpt":{"rendered":"<p>The Swedish tenor Otto Larsson is studying classical singing at the School of Music and Opera at M\u00e4lardalen University. For the past two summers, he has sung in the chorus at Opera p\u00e5 Sk\u00e4ret, in Rigoletto and Norma. Otto frequently performs in church settings, both large and small, and is also a trained cantor. Mer [&hellip;]<\/p>\n","protected":false},"author":1,"featured_media":0,"comment_status":"open","ping_status":"open","sticky":false,"template":"","format":"standard","meta":{"_et_pb_use_builder":"on","_et_pb_old_content":"","_et_gb_content_width":"2880","inline_featured_image":false,"footnotes":""},"categories":[37],"tags":[],"class_list":["post-10337","post","type-post","status-publish","format-standard","hentry","category-solister-en"],"yoast_head":"<!-- This site is optimized with the Yoast SEO plugin v27.5 - https:\/\/yoast.com\/product\/yoast-seo-wordpress\/ -->\n<title>Otto Larsson - Opera p\u00e5 Sk\u00e4ret<\/title>\n<meta name=\"robots\" content=\"index, follow, max-snippet:-1, max-image-preview:large, max-video-preview:-1\" \/>\n<link rel=\"canonical\" href=\"https:\/\/operapaskaret.se\/en\/otto-larsson\/\" \/>\n<meta property=\"og:locale\" content=\"en_US\" \/>\n<meta property=\"og:type\" content=\"article\" \/>\n<meta property=\"og:title\" content=\"Otto Larsson - Opera p\u00e5 Sk\u00e4ret\" \/>\n<meta property=\"og:description\" content=\"The Swedish tenor Otto Larsson is studying classical singing at the School of Music and Opera at M\u00e4lardalen University. For the past two summers, he has sung in the chorus at Opera p\u00e5 Sk\u00e4ret, in Rigoletto and Norma. Otto frequently performs in church settings, both large and small, and is also a trained cantor. Mer [&hellip;]\" \/>\n<meta property=\"og:url\" content=\"https:\/\/operapaskaret.se\/en\/otto-larsson\/\" \/>\n<meta property=\"og:site_name\" content=\"Opera p\u00e5 Sk\u00e4ret\" \/>\n<meta property=\"article:publisher\" content=\"https:\/\/www.facebook.com\/operapaskaret\" \/>\n<meta property=\"article:published_time\" content=\"2025-07-23T15:11:22+00:00\" \/>\n<meta property=\"article:modified_time\" content=\"2025-07-23T18:18:42+00:00\" \/>\n<meta name=\"author\" content=\"operaGang\" \/>\n<meta name=\"twitter:card\" content=\"summary_large_image\" \/>\n<meta name=\"twitter:label1\" content=\"Written by\" \/>\n\t<meta name=\"twitter:data1\" content=\"operaGang\" \/>\n\t<meta name=\"twitter:label2\" content=\"Est. reading time\" \/>\n\t<meta name=\"twitter:data2\" content=\"1 minute\" \/>\n<script type=\"application\/ld+json\" class=\"yoast-schema-graph\">{\"@context\":\"https:\\\/\\\/schema.org\",\"@graph\":[{\"@type\":\"Article\",\"@id\":\"https:\\\/\\\/operapaskaret.se\\\/en\\\/otto-larsson\\\/#article\",\"isPartOf\":{\"@id\":\"https:\\\/\\\/operapaskaret.se\\\/en\\\/otto-larsson\\\/\"},\"author\":{\"name\":\"operaGang\",\"@id\":\"https:\\\/\\\/operapaskaret.se\\\/#\\\/schema\\\/person\\\/46df93a698c191615cc71e5628a4bec9\"},\"headline\":\"Otto Larsson\",\"datePublished\":\"2025-07-23T15:11:22+00:00\",\"dateModified\":\"2025-07-23T18:18:42+00:00\",\"mainEntityOfPage\":{\"@id\":\"https:\\\/\\\/operapaskaret.se\\\/en\\\/otto-larsson\\\/\"},\"wordCount\":292,\"commentCount\":0,\"publisher\":{\"@id\":\"https:\\\/\\\/operapaskaret.se\\\/#organization\"},\"articleSection\":[\"Solister\"],\"inLanguage\":\"en-US\",\"potentialAction\":[{\"@type\":\"CommentAction\",\"name\":\"Comment\",\"target\":[\"https:\\\/\\\/operapaskaret.se\\\/en\\\/otto-larsson\\\/#respond\"]}]},{\"@type\":\"WebPage\",\"@id\":\"https:\\\/\\\/operapaskaret.se\\\/en\\\/otto-larsson\\\/\",\"url\":\"https:\\\/\\\/operapaskaret.se\\\/en\\\/otto-larsson\\\/\",\"name\":\"Otto Larsson - Opera p\u00e5 Sk\u00e4ret\",\"isPartOf\":{\"@id\":\"https:\\\/\\\/operapaskaret.se\\\/#website\"},\"datePublished\":\"2025-07-23T15:11:22+00:00\",\"dateModified\":\"2025-07-23T18:18:42+00:00\",\"breadcrumb\":{\"@id\":\"https:\\\/\\\/operapaskaret.se\\\/en\\\/otto-larsson\\\/#breadcrumb\"},\"inLanguage\":\"en-US\",\"potentialAction\":[{\"@type\":\"ReadAction\",\"target\":[\"https:\\\/\\\/operapaskaret.se\\\/en\\\/otto-larsson\\\/\"]}]},{\"@type\":\"BreadcrumbList\",\"@id\":\"https:\\\/\\\/operapaskaret.se\\\/en\\\/otto-larsson\\\/#breadcrumb\",\"itemListElement\":[{\"@type\":\"ListItem\",\"position\":1,\"name\":\"Hem\",\"item\":\"https:\\\/\\\/operapaskaret.se\\\/en\\\/\"},{\"@type\":\"ListItem\",\"position\":2,\"name\":\"Otto Larsson\"}]},{\"@type\":\"WebSite\",\"@id\":\"https:\\\/\\\/operapaskaret.se\\\/#website\",\"url\":\"https:\\\/\\\/operapaskaret.se\\\/\",\"name\":\"Opera p\u00e5 Sk\u00e4ret\",\"description\":\"The Opera Festival in the heart of Sweden\",\"publisher\":{\"@id\":\"https:\\\/\\\/operapaskaret.se\\\/#organization\"},\"potentialAction\":[{\"@type\":\"SearchAction\",\"target\":{\"@type\":\"EntryPoint\",\"urlTemplate\":\"https:\\\/\\\/operapaskaret.se\\\/?s={search_term_string}\"},\"query-input\":{\"@type\":\"PropertyValueSpecification\",\"valueRequired\":true,\"valueName\":\"search_term_string\"}}],\"inLanguage\":\"en-US\"},{\"@type\":\"Organization\",\"@id\":\"https:\\\/\\\/operapaskaret.se\\\/#organization\",\"name\":\"Opera p\u00e5 Sk\u00e4ret\",\"url\":\"https:\\\/\\\/operapaskaret.se\\\/\",\"logo\":{\"@type\":\"ImageObject\",\"inLanguage\":\"en-US\",\"@id\":\"https:\\\/\\\/operapaskaret.se\\\/#\\\/schema\\\/logo\\\/image\\\/\",\"url\":\"https:\\\/\\\/operapaskaret.se\\\/wp-content\\\/uploads\\\/2023\\\/01\\\/OPS_Logo_2023_b.svg\",\"contentUrl\":\"https:\\\/\\\/operapaskaret.se\\\/wp-content\\\/uploads\\\/2023\\\/01\\\/OPS_Logo_2023_b.svg\",\"width\":\"1024\",\"height\":\"1024\",\"caption\":\"Opera p\u00e5 Sk\u00e4ret\"},\"image\":{\"@id\":\"https:\\\/\\\/operapaskaret.se\\\/#\\\/schema\\\/logo\\\/image\\\/\"},\"sameAs\":[\"https:\\\/\\\/www.facebook.com\\\/operapaskaret\",\"https:\\\/\\\/www.instagram.com\\\/operapaskaret\\\/\"]},{\"@type\":\"Person\",\"@id\":\"https:\\\/\\\/operapaskaret.se\\\/#\\\/schema\\\/person\\\/46df93a698c191615cc71e5628a4bec9\",\"name\":\"operaGang\",\"image\":{\"@type\":\"ImageObject\",\"inLanguage\":\"en-US\",\"@id\":\"https:\\\/\\\/secure.gravatar.com\\\/avatar\\\/0eec541a1e59971d44afc570a3a05ae33aa358fd4f1b7842a639585644b96568?s=96&d=mm&r=g\",\"url\":\"https:\\\/\\\/secure.gravatar.com\\\/avatar\\\/0eec541a1e59971d44afc570a3a05ae33aa358fd4f1b7842a639585644b96568?s=96&d=mm&r=g\",\"contentUrl\":\"https:\\\/\\\/secure.gravatar.com\\\/avatar\\\/0eec541a1e59971d44afc570a3a05ae33aa358fd4f1b7842a639585644b96568?s=96&d=mm&r=g\",\"caption\":\"operaGang\"},\"sameAs\":[\"https:\\\/\\\/operapaskaret.se\"],\"url\":\"https:\\\/\\\/operapaskaret.se\\\/en\\\/author\\\/operagang\\\/\"}]}<\/script>\n<!-- \/ Yoast SEO plugin. -->","yoast_head_json":{"title":"Otto Larsson - Opera p\u00e5 Sk\u00e4ret","robots":{"index":"index","follow":"follow","max-snippet":"max-snippet:-1","max-image-preview":"max-image-preview:large","max-video-preview":"max-video-preview:-1"},"canonical":"https:\/\/operapaskaret.se\/en\/otto-larsson\/","og_locale":"en_US","og_type":"article","og_title":"Otto Larsson - Opera p\u00e5 Sk\u00e4ret","og_description":"The Swedish tenor Otto Larsson is studying classical singing at the School of Music and Opera at M\u00e4lardalen University. For the past two summers, he has sung in the chorus at Opera p\u00e5 Sk\u00e4ret, in Rigoletto and Norma. Otto frequently performs in church settings, both large and small, and is also a trained cantor. Mer [&hellip;]","og_url":"https:\/\/operapaskaret.se\/en\/otto-larsson\/","og_site_name":"Opera p\u00e5 Sk\u00e4ret","article_publisher":"https:\/\/www.facebook.com\/operapaskaret","article_published_time":"2025-07-23T15:11:22+00:00","article_modified_time":"2025-07-23T18:18:42+00:00","author":"operaGang","twitter_card":"summary_large_image","twitter_misc":{"Written by":"operaGang","Est. reading time":"1 minute"},"schema":{"@context":"https:\/\/schema.org","@graph":[{"@type":"Article","@id":"https:\/\/operapaskaret.se\/en\/otto-larsson\/#article","isPartOf":{"@id":"https:\/\/operapaskaret.se\/en\/otto-larsson\/"},"author":{"name":"operaGang","@id":"https:\/\/operapaskaret.se\/#\/schema\/person\/46df93a698c191615cc71e5628a4bec9"},"headline":"Otto Larsson","datePublished":"2025-07-23T15:11:22+00:00","dateModified":"2025-07-23T18:18:42+00:00","mainEntityOfPage":{"@id":"https:\/\/operapaskaret.se\/en\/otto-larsson\/"},"wordCount":292,"commentCount":0,"publisher":{"@id":"https:\/\/operapaskaret.se\/#organization"},"articleSection":["Solister"],"inLanguage":"en-US","potentialAction":[{"@type":"CommentAction","name":"Comment","target":["https:\/\/operapaskaret.se\/en\/otto-larsson\/#respond"]}]},{"@type":"WebPage","@id":"https:\/\/operapaskaret.se\/en\/otto-larsson\/","url":"https:\/\/operapaskaret.se\/en\/otto-larsson\/","name":"Otto Larsson - Opera p\u00e5 Sk\u00e4ret","isPartOf":{"@id":"https:\/\/operapaskaret.se\/#website"},"datePublished":"2025-07-23T15:11:22+00:00","dateModified":"2025-07-23T18:18:42+00:00","breadcrumb":{"@id":"https:\/\/operapaskaret.se\/en\/otto-larsson\/#breadcrumb"},"inLanguage":"en-US","potentialAction":[{"@type":"ReadAction","target":["https:\/\/operapaskaret.se\/en\/otto-larsson\/"]}]},{"@type":"BreadcrumbList","@id":"https:\/\/operapaskaret.se\/en\/otto-larsson\/#breadcrumb","itemListElement":[{"@type":"ListItem","position":1,"name":"Hem","item":"https:\/\/operapaskaret.se\/en\/"},{"@type":"ListItem","position":2,"name":"Otto Larsson"}]},{"@type":"WebSite","@id":"https:\/\/operapaskaret.se\/#website","url":"https:\/\/operapaskaret.se\/","name":"Opera p\u00e5 Sk\u00e4ret","description":"The Opera Festival in the heart of Sweden","publisher":{"@id":"https:\/\/operapaskaret.se\/#organization"},"potentialAction":[{"@type":"SearchAction","target":{"@type":"EntryPoint","urlTemplate":"https:\/\/operapaskaret.se\/?s={search_term_string}"},"query-input":{"@type":"PropertyValueSpecification","valueRequired":true,"valueName":"search_term_string"}}],"inLanguage":"en-US"},{"@type":"Organization","@id":"https:\/\/operapaskaret.se\/#organization","name":"Opera p\u00e5 Sk\u00e4ret","url":"https:\/\/operapaskaret.se\/","logo":{"@type":"ImageObject","inLanguage":"en-US","@id":"https:\/\/operapaskaret.se\/#\/schema\/logo\/image\/","url":"https:\/\/operapaskaret.se\/wp-content\/uploads\/2023\/01\/OPS_Logo_2023_b.svg","contentUrl":"https:\/\/operapaskaret.se\/wp-content\/uploads\/2023\/01\/OPS_Logo_2023_b.svg","width":"1024","height":"1024","caption":"Opera p\u00e5 Sk\u00e4ret"},"image":{"@id":"https:\/\/operapaskaret.se\/#\/schema\/logo\/image\/"},"sameAs":["https:\/\/www.facebook.com\/operapaskaret","https:\/\/www.instagram.com\/operapaskaret\/"]},{"@type":"Person","@id":"https:\/\/operapaskaret.se\/#\/schema\/person\/46df93a698c191615cc71e5628a4bec9","name":"operaGang","image":{"@type":"ImageObject","inLanguage":"en-US","@id":"https:\/\/secure.gravatar.com\/avatar\/0eec541a1e59971d44afc570a3a05ae33aa358fd4f1b7842a639585644b96568?s=96&d=mm&r=g","url":"https:\/\/secure.gravatar.com\/avatar\/0eec541a1e59971d44afc570a3a05ae33aa358fd4f1b7842a639585644b96568?s=96&d=mm&r=g","contentUrl":"https:\/\/secure.gravatar.com\/avatar\/0eec541a1e59971d44afc570a3a05ae33aa358fd4f1b7842a639585644b96568?s=96&d=mm&r=g","caption":"operaGang"},"sameAs":["https:\/\/operapaskaret.se"],"url":"https:\/\/operapaskaret.se\/en\/author\/operagang\/"}]}},"_links":{"self":[{"href":"https:\/\/operapaskaret.se\/en\/wp-json\/wp\/v2\/posts\/10337","targetHints":{"allow":["GET"]}}],"collection":[{"href":"https:\/\/operapaskaret.se\/en\/wp-json\/wp\/v2\/posts"}],"about":[{"href":"https:\/\/operapaskaret.se\/en\/wp-json\/wp\/v2\/types\/post"}],"author":[{"embeddable":true,"href":"https:\/\/operapaskaret.se\/en\/wp-json\/wp\/v2\/users\/1"}],"replies":[{"embeddable":true,"href":"https:\/\/operapaskaret.se\/en\/wp-json\/wp\/v2\/comments?post=10337"}],"version-history":[{"count":5,"href":"https:\/\/operapaskaret.se\/en\/wp-json\/wp\/v2\/posts\/10337\/revisions"}],"predecessor-version":[{"id":10422,"href":"https:\/\/operapaskaret.se\/en\/wp-json\/wp\/v2\/posts\/10337\/revisions\/10422"}],"wp:attachment":[{"href":"https:\/\/operapaskaret.se\/en\/wp-json\/wp\/v2\/media?parent=10337"}],"wp:term":[{"taxonomy":"category","embeddable":true,"href":"https:\/\/operapaskaret.se\/en\/wp-json\/wp\/v2\/categories?post=10337"},{"taxonomy":"post_tag","embeddable":true,"href":"https:\/\/operapaskaret.se\/en\/wp-json\/wp\/v2\/tags?post=10337"}],"curies":[{"name":"wp","href":"https:\/\/api.w.org\/{rel}","templated":true}]}}