{"id":10946,"date":"2025-09-02T11:00:35","date_gmt":"2025-09-02T09:00:35","guid":{"rendered":"https:\/\/operapaskaret.se\/?p=10946"},"modified":"2025-08-28T16:06:27","modified_gmt":"2025-08-28T14:06:27","slug":"nu-slapper-vi-biljetter-till-samtliga-forestallningar-av-la-boheme-2026","status":"publish","type":"post","link":"https:\/\/operapaskaret.se\/en\/nu-slapper-vi-biljetter-till-samtliga-forestallningar-av-la-boheme-2026\/","title":{"rendered":"From today, all tickets to la Boh\u00e8me are available"},"content":{"rendered":"<p>[et_pb_section fb_built=&#8221;1&#8243; _builder_version=&#8221;4.27.4&#8243; _module_preset=&#8221;default&#8221; global_colors_info=&#8221;{}&#8221;][et_pb_row _builder_version=&#8221;4.27.4&#8243; _module_preset=&#8221;default&#8221; global_colors_info=&#8221;{}&#8221;][et_pb_column type=&#8221;4_4&#8243; _builder_version=&#8221;4.27.4&#8243; _module_preset=&#8221;default&#8221; global_colors_info=&#8221;{}&#8221;][et_pb_image src=&#8221;https:\/\/operapaskaret.se\/wp-content\/uploads\/2025\/07\/\u00a9andreas-hylthen_0065_D-Redigerad.jpg&#8221; alt=&#8221;\u00d6versiktsbild \u00f6ver ett somrigt Sk\u00e4ret&#8221; title_text=&#8221;\u00a9andreas-hylthen_0065_D-Redigerad&#8221; _builder_version=&#8221;4.27.4&#8243; _module_preset=&#8221;default&#8221; global_colors_info=&#8221;{}&#8221;][\/et_pb_image][\/et_pb_column][\/et_pb_row][\/et_pb_section][et_pb_section fb_built=&#8221;1&#8243; theme_builder_area=&#8221;post_content&#8221; _builder_version=&#8221;4.27.4&#8243; _module_preset=&#8221;default&#8221;][et_pb_row _builder_version=&#8221;4.27.4&#8243; _module_preset=&#8221;default&#8221; theme_builder_area=&#8221;post_content&#8221;][et_pb_column _builder_version=&#8221;4.27.4&#8243; _module_preset=&#8221;default&#8221; type=&#8221;4_4&#8243; theme_builder_area=&#8221;post_content&#8221;][et_pb_text _builder_version=&#8221;4.27.4&#8243; _module_preset=&#8221;default&#8221; theme_builder_area=&#8221;post_content&#8221; hover_enabled=&#8221;0&#8243; sticky_enabled=&#8221;0&#8243;]<\/p>\n<p style=\"font-weight: 400;\">In the summer of 2026, there will be 12 performances of<span>\u00a0<\/span><em>La Boh\u00e8me<\/em>, and tickets for all performances are available from today. Don\u2019t miss the chance to book the date and seat that suit you best!<\/p>\n<p><a href=\"https:\/\/operapaskaret.se\/en\/tickets\/\">Buy tickets<\/a><\/p>\n<p>[\/et_pb_text][\/et_pb_column][\/et_pb_row][\/et_pb_section][et_pb_section fb_built=&#8221;1&#8243; _builder_version=&#8221;4.27.4&#8243; _module_preset=&#8221;default&#8221; global_colors_info=&#8221;{}&#8221;][et_pb_row _builder_version=&#8221;4.27.4&#8243; _module_preset=&#8221;default&#8221; global_colors_info=&#8221;{}&#8221;][et_pb_column type=&#8221;4_4&#8243; _builder_version=&#8221;4.27.4&#8243; _module_preset=&#8221;default&#8221; global_colors_info=&#8221;{}&#8221;][et_pb_text _builder_version=&#8221;4.27.4&#8243; _module_preset=&#8221;default&#8221; custom_padding=&#8221;||4px|||&#8221; global_colors_info=&#8221;{}&#8221;]<\/p>\n<p style=\"font-weight: 400;\"><a href=\"https:\/\/operapaskaret.se\/biljetter\/\"><\/a><\/p>\n<p>[\/et_pb_text][\/et_pb_column][\/et_pb_row][\/et_pb_section]<\/p>\n","protected":false},"excerpt":{"rendered":"<p>In the summer of 2026, there will be 12 performances of\u00a0La Boh\u00e8me, and tickets for all performances are available from today. Don\u2019t miss the chance to book the date and seat that suit you best! Buy tickets<\/p>\n","protected":false},"author":7,"featured_media":10705,"comment_status":"closed","ping_status":"closed","sticky":false,"template":"","format":"standard","meta":{"_et_pb_use_builder":"on","_et_pb_old_content":"","_et_gb_content_width":"","inline_featured_image":false,"footnotes":""},"categories":[35],"tags":[],"class_list":["post-10946","post","type-post","status-publish","format-standard","has-post-thumbnail","hentry","category-news"],"yoast_head":"<!-- This site is optimized with the Yoast SEO plugin v27.5 - https:\/\/yoast.com\/product\/yoast-seo-wordpress\/ -->\n<title>From today, all tickets to la Boh\u00e8me are available - Opera p\u00e5 Sk\u00e4ret<\/title>\n<meta name=\"robots\" content=\"index, follow, max-snippet:-1, max-image-preview:large, max-video-preview:-1\" \/>\n<link rel=\"canonical\" href=\"https:\/\/operapaskaret.se\/nu-slapps-samtliga-biljetter-till-la-boheme-2026\/\" \/>\n<meta property=\"og:locale\" content=\"en_US\" \/>\n<meta property=\"og:type\" content=\"article\" \/>\n<meta property=\"og:title\" content=\"From today, all tickets to la Boh\u00e8me are available - Opera p\u00e5 Sk\u00e4ret\" \/>\n<meta property=\"og:description\" content=\"In the summer of 2026, there will be 12 performances of\u00a0La Boh\u00e8me, and tickets for all performances are available from today. Don\u2019t miss the chance to book the date and seat that suit you best! Buy tickets\" \/>\n<meta property=\"og:url\" content=\"https:\/\/operapaskaret.se\/nu-slapps-samtliga-biljetter-till-la-boheme-2026\/\" \/>\n<meta property=\"og:site_name\" content=\"Opera p\u00e5 Sk\u00e4ret\" \/>\n<meta property=\"article:publisher\" content=\"https:\/\/www.facebook.com\/operapaskaret\" \/>\n<meta property=\"article:published_time\" content=\"2025-09-02T09:00:35+00:00\" \/>\n<meta property=\"og:image\" content=\"https:\/\/operapaskaret.se\/wp-content\/uploads\/2025\/07\/\u00a9andreas-hylthen_0065_D-Redigerad.jpg\" \/>\n\t<meta property=\"og:image:width\" content=\"1920\" \/>\n\t<meta property=\"og:image:height\" content=\"1070\" \/>\n\t<meta property=\"og:image:type\" content=\"image\/jpeg\" \/>\n<meta name=\"author\" content=\"OPS_katarina\" \/>\n<meta name=\"twitter:card\" content=\"summary_large_image\" \/>\n<meta name=\"twitter:label1\" content=\"Written by\" \/>\n\t<meta name=\"twitter:data1\" content=\"OPS_katarina\" \/>\n\t<meta name=\"twitter:label2\" content=\"Est. reading time\" \/>\n\t<meta name=\"twitter:data2\" content=\"1 minute\" \/>\n<script type=\"application\/ld+json\" class=\"yoast-schema-graph\">{\"@context\":\"https:\\\/\\\/schema.org\",\"@graph\":[{\"@type\":\"Article\",\"@id\":\"https:\\\/\\\/operapaskaret.se\\\/nu-slapps-samtliga-biljetter-till-la-boheme-2026\\\/#article\",\"isPartOf\":{\"@id\":\"https:\\\/\\\/operapaskaret.se\\\/nu-slapps-samtliga-biljetter-till-la-boheme-2026\\\/\"},\"author\":{\"name\":\"OPS_katarina\",\"@id\":\"https:\\\/\\\/operapaskaret.se\\\/#\\\/schema\\\/person\\\/7e3193cd16679db84c8a79e63b258a40\"},\"headline\":\"From today, all tickets to la Boh\u00e8me are available\",\"datePublished\":\"2025-09-02T09:00:35+00:00\",\"mainEntityOfPage\":{\"@id\":\"https:\\\/\\\/operapaskaret.se\\\/nu-slapps-samtliga-biljetter-till-la-boheme-2026\\\/\"},\"wordCount\":260,\"publisher\":{\"@id\":\"https:\\\/\\\/operapaskaret.se\\\/#organization\"},\"image\":{\"@id\":\"https:\\\/\\\/operapaskaret.se\\\/nu-slapps-samtliga-biljetter-till-la-boheme-2026\\\/#primaryimage\"},\"thumbnailUrl\":\"https:\\\/\\\/operapaskaret.se\\\/wp-content\\\/uploads\\\/2025\\\/07\\\/\u00a9andreas-hylthen_0065_D-Redigerad.jpg\",\"articleSection\":[\"News\"],\"inLanguage\":\"en-US\"},{\"@type\":\"WebPage\",\"@id\":\"https:\\\/\\\/operapaskaret.se\\\/nu-slapps-samtliga-biljetter-till-la-boheme-2026\\\/\",\"url\":\"https:\\\/\\\/operapaskaret.se\\\/nu-slapps-samtliga-biljetter-till-la-boheme-2026\\\/\",\"name\":\"From today, all tickets to la Boh\u00e8me are available - Opera p\u00e5 Sk\u00e4ret\",\"isPartOf\":{\"@id\":\"https:\\\/\\\/operapaskaret.se\\\/#website\"},\"primaryImageOfPage\":{\"@id\":\"https:\\\/\\\/operapaskaret.se\\\/nu-slapps-samtliga-biljetter-till-la-boheme-2026\\\/#primaryimage\"},\"image\":{\"@id\":\"https:\\\/\\\/operapaskaret.se\\\/nu-slapps-samtliga-biljetter-till-la-boheme-2026\\\/#primaryimage\"},\"thumbnailUrl\":\"https:\\\/\\\/operapaskaret.se\\\/wp-content\\\/uploads\\\/2025\\\/07\\\/\u00a9andreas-hylthen_0065_D-Redigerad.jpg\",\"datePublished\":\"2025-09-02T09:00:35+00:00\",\"breadcrumb\":{\"@id\":\"https:\\\/\\\/operapaskaret.se\\\/nu-slapps-samtliga-biljetter-till-la-boheme-2026\\\/#breadcrumb\"},\"inLanguage\":\"en-US\",\"potentialAction\":[{\"@type\":\"ReadAction\",\"target\":[\"https:\\\/\\\/operapaskaret.se\\\/nu-slapps-samtliga-biljetter-till-la-boheme-2026\\\/\"]}]},{\"@type\":\"ImageObject\",\"inLanguage\":\"en-US\",\"@id\":\"https:\\\/\\\/operapaskaret.se\\\/nu-slapps-samtliga-biljetter-till-la-boheme-2026\\\/#primaryimage\",\"url\":\"https:\\\/\\\/operapaskaret.se\\\/wp-content\\\/uploads\\\/2025\\\/07\\\/\u00a9andreas-hylthen_0065_D-Redigerad.jpg\",\"contentUrl\":\"https:\\\/\\\/operapaskaret.se\\\/wp-content\\\/uploads\\\/2025\\\/07\\\/\u00a9andreas-hylthen_0065_D-Redigerad.jpg\",\"width\":1920,\"height\":1070,\"caption\":\"\u00d6versiktsbild \u00f6ver ett somrigt Sk\u00e4ret\"},{\"@type\":\"BreadcrumbList\",\"@id\":\"https:\\\/\\\/operapaskaret.se\\\/nu-slapps-samtliga-biljetter-till-la-boheme-2026\\\/#breadcrumb\",\"itemListElement\":[{\"@type\":\"ListItem\",\"position\":1,\"name\":\"Hem\",\"item\":\"https:\\\/\\\/operapaskaret.se\\\/en\\\/\"},{\"@type\":\"ListItem\",\"position\":2,\"name\":\"From today, all tickets to la Boh\u00e8me are available\"}]},{\"@type\":\"WebSite\",\"@id\":\"https:\\\/\\\/operapaskaret.se\\\/#website\",\"url\":\"https:\\\/\\\/operapaskaret.se\\\/\",\"name\":\"Opera p\u00e5 Sk\u00e4ret\",\"description\":\"The Opera Festival in the heart of Sweden\",\"publisher\":{\"@id\":\"https:\\\/\\\/operapaskaret.se\\\/#organization\"},\"potentialAction\":[{\"@type\":\"SearchAction\",\"target\":{\"@type\":\"EntryPoint\",\"urlTemplate\":\"https:\\\/\\\/operapaskaret.se\\\/?s={search_term_string}\"},\"query-input\":{\"@type\":\"PropertyValueSpecification\",\"valueRequired\":true,\"valueName\":\"search_term_string\"}}],\"inLanguage\":\"en-US\"},{\"@type\":\"Organization\",\"@id\":\"https:\\\/\\\/operapaskaret.se\\\/#organization\",\"name\":\"Opera p\u00e5 Sk\u00e4ret\",\"url\":\"https:\\\/\\\/operapaskaret.se\\\/\",\"logo\":{\"@type\":\"ImageObject\",\"inLanguage\":\"en-US\",\"@id\":\"https:\\\/\\\/operapaskaret.se\\\/#\\\/schema\\\/logo\\\/image\\\/\",\"url\":\"https:\\\/\\\/operapaskaret.se\\\/wp-content\\\/uploads\\\/2023\\\/01\\\/OPS_Logo_2023_b.svg\",\"contentUrl\":\"https:\\\/\\\/operapaskaret.se\\\/wp-content\\\/uploads\\\/2023\\\/01\\\/OPS_Logo_2023_b.svg\",\"width\":\"1024\",\"height\":\"1024\",\"caption\":\"Opera p\u00e5 Sk\u00e4ret\"},\"image\":{\"@id\":\"https:\\\/\\\/operapaskaret.se\\\/#\\\/schema\\\/logo\\\/image\\\/\"},\"sameAs\":[\"https:\\\/\\\/www.facebook.com\\\/operapaskaret\",\"https:\\\/\\\/www.instagram.com\\\/operapaskaret\\\/\"]},{\"@type\":\"Person\",\"@id\":\"https:\\\/\\\/operapaskaret.se\\\/#\\\/schema\\\/person\\\/7e3193cd16679db84c8a79e63b258a40\",\"name\":\"OPS_katarina\",\"image\":{\"@type\":\"ImageObject\",\"inLanguage\":\"en-US\",\"@id\":\"https:\\\/\\\/secure.gravatar.com\\\/avatar\\\/e063955fe9e7cadcaf48b80ff9fd9d717e94626bb76dcecf3963242aa6379f48?s=96&d=mm&r=g\",\"url\":\"https:\\\/\\\/secure.gravatar.com\\\/avatar\\\/e063955fe9e7cadcaf48b80ff9fd9d717e94626bb76dcecf3963242aa6379f48?s=96&d=mm&r=g\",\"contentUrl\":\"https:\\\/\\\/secure.gravatar.com\\\/avatar\\\/e063955fe9e7cadcaf48b80ff9fd9d717e94626bb76dcecf3963242aa6379f48?s=96&d=mm&r=g\",\"caption\":\"OPS_katarina\"},\"url\":\"https:\\\/\\\/operapaskaret.se\\\/en\\\/author\\\/ops_katarina\\\/\"}]}<\/script>\n<!-- \/ Yoast SEO plugin. -->","yoast_head_json":{"title":"From today, all tickets to la Boh\u00e8me are available - Opera p\u00e5 Sk\u00e4ret","robots":{"index":"index","follow":"follow","max-snippet":"max-snippet:-1","max-image-preview":"max-image-preview:large","max-video-preview":"max-video-preview:-1"},"canonical":"https:\/\/operapaskaret.se\/nu-slapps-samtliga-biljetter-till-la-boheme-2026\/","og_locale":"en_US","og_type":"article","og_title":"From today, all tickets to la Boh\u00e8me are available - Opera p\u00e5 Sk\u00e4ret","og_description":"In the summer of 2026, there will be 12 performances of\u00a0La Boh\u00e8me, and tickets for all performances are available from today. Don\u2019t miss the chance to book the date and seat that suit you best! Buy tickets","og_url":"https:\/\/operapaskaret.se\/nu-slapps-samtliga-biljetter-till-la-boheme-2026\/","og_site_name":"Opera p\u00e5 Sk\u00e4ret","article_publisher":"https:\/\/www.facebook.com\/operapaskaret","article_published_time":"2025-09-02T09:00:35+00:00","og_image":[{"width":1920,"height":1070,"url":"https:\/\/operapaskaret.se\/wp-content\/uploads\/2025\/07\/\u00a9andreas-hylthen_0065_D-Redigerad.jpg","type":"image\/jpeg"}],"author":"OPS_katarina","twitter_card":"summary_large_image","twitter_misc":{"Written by":"OPS_katarina","Est. reading time":"1 minute"},"schema":{"@context":"https:\/\/schema.org","@graph":[{"@type":"Article","@id":"https:\/\/operapaskaret.se\/nu-slapps-samtliga-biljetter-till-la-boheme-2026\/#article","isPartOf":{"@id":"https:\/\/operapaskaret.se\/nu-slapps-samtliga-biljetter-till-la-boheme-2026\/"},"author":{"name":"OPS_katarina","@id":"https:\/\/operapaskaret.se\/#\/schema\/person\/7e3193cd16679db84c8a79e63b258a40"},"headline":"From today, all tickets to la Boh\u00e8me are available","datePublished":"2025-09-02T09:00:35+00:00","mainEntityOfPage":{"@id":"https:\/\/operapaskaret.se\/nu-slapps-samtliga-biljetter-till-la-boheme-2026\/"},"wordCount":260,"publisher":{"@id":"https:\/\/operapaskaret.se\/#organization"},"image":{"@id":"https:\/\/operapaskaret.se\/nu-slapps-samtliga-biljetter-till-la-boheme-2026\/#primaryimage"},"thumbnailUrl":"https:\/\/operapaskaret.se\/wp-content\/uploads\/2025\/07\/\u00a9andreas-hylthen_0065_D-Redigerad.jpg","articleSection":["News"],"inLanguage":"en-US"},{"@type":"WebPage","@id":"https:\/\/operapaskaret.se\/nu-slapps-samtliga-biljetter-till-la-boheme-2026\/","url":"https:\/\/operapaskaret.se\/nu-slapps-samtliga-biljetter-till-la-boheme-2026\/","name":"From today, all tickets to la Boh\u00e8me are available - Opera p\u00e5 Sk\u00e4ret","isPartOf":{"@id":"https:\/\/operapaskaret.se\/#website"},"primaryImageOfPage":{"@id":"https:\/\/operapaskaret.se\/nu-slapps-samtliga-biljetter-till-la-boheme-2026\/#primaryimage"},"image":{"@id":"https:\/\/operapaskaret.se\/nu-slapps-samtliga-biljetter-till-la-boheme-2026\/#primaryimage"},"thumbnailUrl":"https:\/\/operapaskaret.se\/wp-content\/uploads\/2025\/07\/\u00a9andreas-hylthen_0065_D-Redigerad.jpg","datePublished":"2025-09-02T09:00:35+00:00","breadcrumb":{"@id":"https:\/\/operapaskaret.se\/nu-slapps-samtliga-biljetter-till-la-boheme-2026\/#breadcrumb"},"inLanguage":"en-US","potentialAction":[{"@type":"ReadAction","target":["https:\/\/operapaskaret.se\/nu-slapps-samtliga-biljetter-till-la-boheme-2026\/"]}]},{"@type":"ImageObject","inLanguage":"en-US","@id":"https:\/\/operapaskaret.se\/nu-slapps-samtliga-biljetter-till-la-boheme-2026\/#primaryimage","url":"https:\/\/operapaskaret.se\/wp-content\/uploads\/2025\/07\/\u00a9andreas-hylthen_0065_D-Redigerad.jpg","contentUrl":"https:\/\/operapaskaret.se\/wp-content\/uploads\/2025\/07\/\u00a9andreas-hylthen_0065_D-Redigerad.jpg","width":1920,"height":1070,"caption":"\u00d6versiktsbild \u00f6ver ett somrigt Sk\u00e4ret"},{"@type":"BreadcrumbList","@id":"https:\/\/operapaskaret.se\/nu-slapps-samtliga-biljetter-till-la-boheme-2026\/#breadcrumb","itemListElement":[{"@type":"ListItem","position":1,"name":"Hem","item":"https:\/\/operapaskaret.se\/en\/"},{"@type":"ListItem","position":2,"name":"From today, all tickets to la Boh\u00e8me are available"}]},{"@type":"WebSite","@id":"https:\/\/operapaskaret.se\/#website","url":"https:\/\/operapaskaret.se\/","name":"Opera p\u00e5 Sk\u00e4ret","description":"The Opera Festival in the heart of Sweden","publisher":{"@id":"https:\/\/operapaskaret.se\/#organization"},"potentialAction":[{"@type":"SearchAction","target":{"@type":"EntryPoint","urlTemplate":"https:\/\/operapaskaret.se\/?s={search_term_string}"},"query-input":{"@type":"PropertyValueSpecification","valueRequired":true,"valueName":"search_term_string"}}],"inLanguage":"en-US"},{"@type":"Organization","@id":"https:\/\/operapaskaret.se\/#organization","name":"Opera p\u00e5 Sk\u00e4ret","url":"https:\/\/operapaskaret.se\/","logo":{"@type":"ImageObject","inLanguage":"en-US","@id":"https:\/\/operapaskaret.se\/#\/schema\/logo\/image\/","url":"https:\/\/operapaskaret.se\/wp-content\/uploads\/2023\/01\/OPS_Logo_2023_b.svg","contentUrl":"https:\/\/operapaskaret.se\/wp-content\/uploads\/2023\/01\/OPS_Logo_2023_b.svg","width":"1024","height":"1024","caption":"Opera p\u00e5 Sk\u00e4ret"},"image":{"@id":"https:\/\/operapaskaret.se\/#\/schema\/logo\/image\/"},"sameAs":["https:\/\/www.facebook.com\/operapaskaret","https:\/\/www.instagram.com\/operapaskaret\/"]},{"@type":"Person","@id":"https:\/\/operapaskaret.se\/#\/schema\/person\/7e3193cd16679db84c8a79e63b258a40","name":"OPS_katarina","image":{"@type":"ImageObject","inLanguage":"en-US","@id":"https:\/\/secure.gravatar.com\/avatar\/e063955fe9e7cadcaf48b80ff9fd9d717e94626bb76dcecf3963242aa6379f48?s=96&d=mm&r=g","url":"https:\/\/secure.gravatar.com\/avatar\/e063955fe9e7cadcaf48b80ff9fd9d717e94626bb76dcecf3963242aa6379f48?s=96&d=mm&r=g","contentUrl":"https:\/\/secure.gravatar.com\/avatar\/e063955fe9e7cadcaf48b80ff9fd9d717e94626bb76dcecf3963242aa6379f48?s=96&d=mm&r=g","caption":"OPS_katarina"},"url":"https:\/\/operapaskaret.se\/en\/author\/ops_katarina\/"}]}},"_links":{"self":[{"href":"https:\/\/operapaskaret.se\/en\/wp-json\/wp\/v2\/posts\/10946","targetHints":{"allow":["GET"]}}],"collection":[{"href":"https:\/\/operapaskaret.se\/en\/wp-json\/wp\/v2\/posts"}],"about":[{"href":"https:\/\/operapaskaret.se\/en\/wp-json\/wp\/v2\/types\/post"}],"author":[{"embeddable":true,"href":"https:\/\/operapaskaret.se\/en\/wp-json\/wp\/v2\/users\/7"}],"replies":[{"embeddable":true,"href":"https:\/\/operapaskaret.se\/en\/wp-json\/wp\/v2\/comments?post=10946"}],"version-history":[{"count":11,"href":"https:\/\/operapaskaret.se\/en\/wp-json\/wp\/v2\/posts\/10946\/revisions"}],"predecessor-version":[{"id":10968,"href":"https:\/\/operapaskaret.se\/en\/wp-json\/wp\/v2\/posts\/10946\/revisions\/10968"}],"wp:featuredmedia":[{"embeddable":true,"href":"https:\/\/operapaskaret.se\/en\/wp-json\/wp\/v2\/media\/10705"}],"wp:attachment":[{"href":"https:\/\/operapaskaret.se\/en\/wp-json\/wp\/v2\/media?parent=10946"}],"wp:term":[{"taxonomy":"category","embeddable":true,"href":"https:\/\/operapaskaret.se\/en\/wp-json\/wp\/v2\/categories?post=10946"},{"taxonomy":"post_tag","embeddable":true,"href":"https:\/\/operapaskaret.se\/en\/wp-json\/wp\/v2\/tags?post=10946"}],"curies":[{"name":"wp","href":"https:\/\/api.w.org\/{rel}","templated":true}]}}