{"id":11529,"date":"2026-02-13T17:00:00","date_gmt":"2026-02-13T15:00:00","guid":{"rendered":"https:\/\/operapaskaret.se\/?p=11529"},"modified":"2026-02-13T17:00:17","modified_gmt":"2026-02-13T15:00:17","slug":"opera-train-to-opera-pa-skaret","status":"publish","type":"post","link":"https:\/\/operapaskaret.se\/en\/opera-train-to-opera-pa-skaret\/","title":{"rendered":"The Opera Train to Opera p\u00e5 Sk\u00e4ret \u2013 an unforgettable journey of rail, nature, and opera"},"content":{"rendered":"<p>[et_pb_section fb_built=&#8221;1&#8243; _builder_version=&#8221;4.27.5&#8243; _module_preset=&#8221;default&#8221; custom_padding=&#8221;0px|||||&#8221; global_colors_info=&#8221;{}&#8221;][et_pb_row _builder_version=&#8221;4.27.5&#8243; _module_preset=&#8221;default&#8221; custom_margin=&#8221;10px||30px||false|false&#8221; global_colors_info=&#8221;{}&#8221;][et_pb_column type=&#8221;4_4&#8243; _builder_version=&#8221;4.27.5&#8243; _module_preset=&#8221;default&#8221; global_colors_info=&#8221;{}&#8221;][et_pb_image src=&#8221;https:\/\/operapaskaret.se\/wp-content\/uploads\/2026\/02\/tag-boheme.jpg&#8221; title_text=&#8221;Operat\u00e5get till Opera p\u00e5 Sk\u00e4ret&#8221; _builder_version=&#8221;4.27.5&#8243; _module_preset=&#8221;default&#8221; global_colors_info=&#8221;{}&#8221;][\/et_pb_image][et_pb_text _builder_version=&#8221;4.27.5&#8243; _module_preset=&#8221;default&#8221; text_font_size=&#8221;26px&#8221; text_line_height=&#8221;1.4em&#8221; custom_margin=&#8221;30px||30px||false|false&#8221; custom_margin_tablet=&#8221;10px||30px||false|false&#8221; custom_margin_phone=&#8221;0px||30px||false|false&#8221; custom_margin_last_edited=&#8221;on|phone&#8221; hover_enabled=&#8221;0&#8243; text_font_size_tablet=&#8221;26px&#8221; text_font_size_phone=&#8221;20px&#8221; text_font_size_last_edited=&#8221;on|phone&#8221; global_colors_info=&#8221;{}&#8221; sticky_enabled=&#8221;0&#8243;]<\/p>\n<div class=\"flex flex-col text-sm pb-25\">\n<article class=\"text-token-text-primary w-full focus:outline-none [--shadow-height:45px] has-data-writing-block:pointer-events-none has-data-writing-block:-mt-(--shadow-height) has-data-writing-block:pt-(--shadow-height) [&amp;:has([data-writing-block])&gt;*]:pointer-events-auto scroll-mt-[calc(var(--header-height)+min(200px,max(70px,20svh)))]\" dir=\"auto\" data-turn-id=\"request-WEB:f1fac86f-d0b8-44dd-88de-179cb21cc601-3\" data-testid=\"conversation-turn-4\" data-scroll-anchor=\"true\" data-turn=\"assistant\" tabindex=\"-1\">\n<div class=\"text-base my-auto mx-auto pb-10 [--thread-content-margin:--spacing(4)] @w-sm\/main:[--thread-content-margin:--spacing(6)] @w-lg\/main:[--thread-content-margin:--spacing(16)] px-(--thread-content-margin)\">\n<div class=\"[--thread-content-max-width:40rem] @w-lg\/main:[--thread-content-max-width:48rem] mx-auto max-w-(--thread-content-max-width) flex-1 group\/turn-messages focus-visible:outline-hidden relative flex w-full min-w-0 flex-col agent-turn\" tabindex=\"-1\">\n<div class=\"flex max-w-full flex-col grow\">\n<div data-message-author-role=\"assistant\" data-message-id=\"18db0aec-d53f-4d4f-be7c-1267c1284d3c\" dir=\"auto\" class=\"min-h-8 text-message relative flex w-full flex-col items-end gap-2 text-start break-words whitespace-normal [.text-message+&amp;]:mt-1\" data-message-model-slug=\"gpt-5-2\">\n<div class=\"flex w-full flex-col gap-1 empty:hidden first:pt-[1px]\">\n<div class=\"markdown prose dark:prose-invert w-full wrap-break-word light markdown-new-styling\">\n<p data-start=\"0\" data-end=\"384\" data-is-last-node=\"\" data-is-only-node=\"\">Imagine a Saturday or Sunday morning at Stockholm Central Station. On the platform, a classic train set stands waiting. <strong>You step aboard and are welcomed by historic carriages adorned with velvet, polished wood panels, and an atmosphere that breathes of times gone by.<\/strong> You find your seat, and together with around a hundred fellow travellers, the train slowly rolls out of the station.<\/p>\n<\/div>\n<\/div>\n<\/div>\n<\/div>\n<div class=\"z-0 flex min-h-[46px] justify-start\"><\/div>\n<div class=\"mt-3 w-full empty:hidden\">\n<div class=\"text-center\"><\/div>\n<\/div>\n<\/div>\n<\/div>\n<\/article>\n<\/div>\n<p>[\/et_pb_text][et_pb_image src=&#8221;https:\/\/operapaskaret.se\/wp-content\/uploads\/2026\/02\/OPS_operatag_ombord_2015_32.jpg&#8221; title_text=&#8221;Operat\u00e5get till Opera p\u00e5 Sk\u00e4ret&#8221; _builder_version=&#8221;4.27.5&#8243; _module_preset=&#8221;default&#8221; global_colors_info=&#8221;{}&#8221;][\/et_pb_image][et_pb_text _builder_version=&#8221;4.27.5&#8243; _module_preset=&#8221;default&#8221; text_font_size=&#8221;26px&#8221; text_line_height=&#8221;1.4em&#8221; custom_margin=&#8221;10px||30px||false|false&#8221; custom_margin_tablet=&#8221;10px||30px||false|false&#8221; custom_margin_phone=&#8221;0px||30px||false|false&#8221; custom_margin_last_edited=&#8221;on|phone&#8221; hover_enabled=&#8221;0&#8243; text_font_size_tablet=&#8221;26px&#8221; text_font_size_phone=&#8221;20px&#8221; text_font_size_last_edited=&#8221;on|phone&#8221; global_colors_info=&#8221;{}&#8221; sticky_enabled=&#8221;0&#8243;]<\/p>\n<p><span>The journey carries you through the Swedish summer landscape. <strong>Before long, it is time to settle into the dining car, where lunch is served.<\/strong> If you are travelling on your own, it is easy to strike up a conversation with a new acquaintance. The scenery beyond the window, the meal, and the company make the journey an experience in itself\u2014while anticipation for the destination quietly begins to grow.<\/span><\/p>\n<p>[\/et_pb_text][et_pb_image src=&#8221;https:\/\/operapaskaret.se\/wp-content\/uploads\/2026\/02\/OPS_operatag_ombord_2015_07.jpg&#8221; title_text=&#8221;Restaurang p\u00e5 Operat\u00e5get&#8221; _builder_version=&#8221;4.27.5&#8243; _module_preset=&#8221;default&#8221; custom_margin=&#8221;10px||30px||false|false&#8221; global_colors_info=&#8221;{}&#8221;][\/et_pb_image][et_pb_text _builder_version=&#8221;4.27.5&#8243; _module_preset=&#8221;default&#8221; text_font_size=&#8221;26px&#8221; text_line_height=&#8221;1.4em&#8221; custom_margin=&#8221;10px||30px||false|false&#8221; custom_margin_tablet=&#8221;10px||30px||false|false&#8221; custom_margin_phone=&#8221;0px||30px||false|false&#8221; custom_margin_last_edited=&#8221;on|phone&#8221; hover_enabled=&#8221;0&#8243; text_font_size_tablet=&#8221;26px&#8221; text_font_size_phone=&#8221;20px&#8221; text_font_size_last_edited=&#8221;on|phone&#8221; global_colors_info=&#8221;{}&#8221; sticky_enabled=&#8221;0&#8243;]<\/p>\n<div class=\"flex flex-col text-sm pb-25\">\n<article class=\"text-token-text-primary w-full focus:outline-none [--shadow-height:45px] has-data-writing-block:pointer-events-none has-data-writing-block:-mt-(--shadow-height) has-data-writing-block:pt-(--shadow-height) [&amp;:has([data-writing-block])&gt;*]:pointer-events-auto scroll-mt-[calc(var(--header-height)+min(200px,max(70px,20svh)))]\" dir=\"auto\" data-turn-id=\"request-WEB:f1fac86f-d0b8-44dd-88de-179cb21cc601-5\" data-testid=\"conversation-turn-8\" data-scroll-anchor=\"true\" data-turn=\"assistant\" tabindex=\"-1\">\n<div class=\"text-base my-auto mx-auto pb-10 [--thread-content-margin:--spacing(4)] @w-sm\/main:[--thread-content-margin:--spacing(6)] @w-lg\/main:[--thread-content-margin:--spacing(16)] px-(--thread-content-margin)\">\n<div class=\"[--thread-content-max-width:40rem] @w-lg\/main:[--thread-content-max-width:48rem] mx-auto max-w-(--thread-content-max-width) flex-1 group\/turn-messages focus-visible:outline-hidden relative flex w-full min-w-0 flex-col agent-turn\" tabindex=\"-1\">\n<div class=\"flex max-w-full flex-col grow\">\n<div data-message-author-role=\"assistant\" data-message-id=\"11b736b6-1b2e-4309-bb02-390485362253\" dir=\"auto\" class=\"min-h-8 text-message relative flex w-full flex-col items-end gap-2 text-start break-words whitespace-normal [.text-message+&amp;]:mt-1\" data-message-model-slug=\"gpt-5-2\">\n<div class=\"flex w-full flex-col gap-1 empty:hidden first:pt-[1px]\">\n<div class=\"markdown prose dark:prose-invert w-full wrap-break-word light markdown-new-styling\">\n<p data-start=\"0\" data-end=\"179\" data-is-last-node=\"\" data-is-only-node=\"\">When the train comes to a halt, you step out onto a small wooden platform, situated right beside Opera p\u00e5 Sk\u00e4ret \u2014 <strong>the only opera house in the world with its own railway platform.<\/strong><\/p>\n<\/div>\n<\/div>\n<\/div>\n<\/div>\n<div class=\"z-0 flex min-h-[46px] justify-start\"><\/div>\n<div class=\"mt-3 w-full empty:hidden\">\n<div class=\"text-center\"><\/div>\n<\/div>\n<\/div>\n<\/div>\n<\/article>\n<\/div>\n<p>[\/et_pb_text][et_pb_image src=&#8221;https:\/\/operapaskaret.se\/wp-content\/uploads\/2026\/02\/OPS_operatag_perrong_2015_04.jpg&#8221; title_text=&#8221;Egen tr\u00e4perrong vid Opera p\u00e5 Sk\u00e4ret &#8221; _builder_version=&#8221;4.27.5&#8243; _module_preset=&#8221;default&#8221; global_colors_info=&#8221;{}&#8221;][\/et_pb_image][et_pb_text _builder_version=&#8221;4.27.5&#8243; _module_preset=&#8221;default&#8221; text_font_size=&#8221;26px&#8221; text_line_height=&#8221;1.4em&#8221; custom_margin=&#8221;10px||30px||false|false&#8221; custom_margin_tablet=&#8221;10px||30px||false|false&#8221; custom_margin_phone=&#8221;0px||30px||false|false&#8221; custom_margin_last_edited=&#8221;on|phone&#8221; hover_enabled=&#8221;0&#8243; text_font_size_tablet=&#8221;26px&#8221; text_font_size_phone=&#8221;20px&#8221; text_font_size_last_edited=&#8221;on|phone&#8221; global_colors_info=&#8221;{}&#8221; sticky_enabled=&#8221;0&#8243;]<\/p>\n<p><span>Before you, Lake Ljusnaren stretches wide and glistening. <strong>The grand opera house \u2014 a former timber warehouse \u2014 rises proudly, its angled beams painted in red and white.<\/strong> A sight both majestic and warmly inviting.<\/span><\/p>\n<p>[\/et_pb_text][et_pb_image src=&#8221;https:\/\/operapaskaret.se\/wp-content\/uploads\/2025\/07\/\u00a9andreas-hylthen_0065_D-Redigerad-1024&#215;571.jpg&#8221; alt=&#8221;\u00d6versiktsbild \u00f6ver ett somrigt Sk\u00e4ret&#8221; title_text=&#8221;\u00d6versiktsbild \u00f6ver ett somrigt Sk\u00e4ret&#8221; _builder_version=&#8221;4.27.5&#8243; _module_preset=&#8221;default&#8221; global_colors_info=&#8221;{}&#8221;][\/et_pb_image][et_pb_text _builder_version=&#8221;4.27.5&#8243; _module_preset=&#8221;default&#8221; text_font_size=&#8221;26px&#8221; text_line_height=&#8221;1.4em&#8221; custom_margin=&#8221;10px||30px||false|false&#8221; custom_margin_tablet=&#8221;10px||30px||false|false&#8221; custom_margin_phone=&#8221;0px||30px||false|false&#8221; custom_margin_last_edited=&#8221;on|phone&#8221; hover_enabled=&#8221;0&#8243; text_font_size_tablet=&#8221;26px&#8221; text_font_size_phone=&#8221;20px&#8221; text_font_size_last_edited=&#8221;on|phone&#8221; global_colors_info=&#8221;{}&#8221; sticky_enabled=&#8221;0&#8243;]<\/p>\n<div data-message-author-role=\"assistant\" data-message-id=\"4fa05172-3090-454d-82cc-8ee88f09a7d9\" dir=\"auto\" class=\"min-h-8 text-message relative flex w-full flex-col items-end gap-2 text-start break-words whitespace-normal [.text-message+&amp;]:mt-1\" data-message-model-slug=\"gpt-5-2\">\n<div class=\"flex w-full flex-col gap-1 empty:hidden first:pt-[1px]\">\n<div class=\"markdown prose dark:prose-invert w-full wrap-break-word light markdown-new-styling\">\n<p data-start=\"0\" data-end=\"320\">Soon, the auditorium\u2019s 800 seats are filled. The doors close, the orchestra tunes its instruments, the conductor steps onto the podium, and the lights dim. <strong>The maestro makes his entrance, and the performance begins.<\/strong> The overture resounds magnificently through the opera house, renowned for its extraordinary acoustics.<\/p>\n<p data-start=\"322\" data-end=\"493\" data-is-last-node=\"\" data-is-only-node=\"\">On stage, you are met by international soloists from across the globe, joined by the opera chorus and orchestra, in an operatic experience that moves you to the very core.<\/p>\n<\/div>\n<\/div>\n<\/div>\n<p>[\/et_pb_text][et_pb_image src=&#8221;https:\/\/operapaskaret.se\/wp-content\/uploads\/2025\/10\/photographer_andreas-hylthen-9286-1024&#215;683.jpg&#8221; title_text=&#8221;photographer_andreas hylthen-9286&#8243; _builder_version=&#8221;4.27.5&#8243; _module_preset=&#8221;default&#8221; global_colors_info=&#8221;{}&#8221;][\/et_pb_image][et_pb_text _builder_version=&#8221;4.27.5&#8243; _module_preset=&#8221;default&#8221; text_font_size=&#8221;26px&#8221; text_line_height=&#8221;1.4em&#8221; custom_margin=&#8221;10px||30px||false|false&#8221; custom_margin_tablet=&#8221;10px||30px||false|false&#8221; custom_margin_phone=&#8221;0px||30px||false|false&#8221; custom_margin_last_edited=&#8221;on|phone&#8221; hover_enabled=&#8221;0&#8243; text_font_size_tablet=&#8221;26px&#8221; text_font_size_phone=&#8221;20px&#8221; text_font_size_last_edited=&#8221;on|phone&#8221; global_colors_info=&#8221;{}&#8221; sticky_enabled=&#8221;0&#8243;]<\/p>\n<p>During the interval, you can enjoy coffee and something sweet by the lakeshore, savouring the summer evening before the performance continues.<\/p>\n<p>[\/et_pb_text][et_pb_image src=&#8221;https:\/\/operapaskaret.se\/wp-content\/uploads\/2026\/02\/ops-mingel.jpg&#8221; title_text=&#8221;ops-mingel&#8221; _builder_version=&#8221;4.27.5&#8243; _module_preset=&#8221;default&#8221; global_colors_info=&#8221;{}&#8221;][\/et_pb_image][et_pb_text _builder_version=&#8221;4.27.5&#8243; _module_preset=&#8221;default&#8221; text_font_size=&#8221;26px&#8221; text_line_height=&#8221;1.4em&#8221; custom_margin=&#8221;10px||30px||false|false&#8221; custom_margin_tablet=&#8221;10px||30px||false|false&#8221; custom_margin_phone=&#8221;0px||30px||false|false&#8221; custom_margin_last_edited=&#8221;on|phone&#8221; hover_enabled=&#8221;0&#8243; text_font_size_tablet=&#8221;26px&#8221; text_font_size_phone=&#8221;20px&#8221; text_font_size_last_edited=&#8221;on|phone&#8221; global_colors_info=&#8221;{}&#8221; sticky_enabled=&#8221;0&#8243;]<\/p>\n<p><span>When the applause has finally faded, a three-course dinner awaits on board the train home. The conversations continue, impressions gently merge, and you roll back toward Stockholm \u2014 enriched with memories and experiences.<\/span><\/p>\n<p>[\/et_pb_text][et_pb_video src=&#8221;https:\/\/youtu.be\/T5d3c7XedBo?si=Fu49uUXv4Qmdjuka&#8221; _builder_version=&#8221;4.27.5&#8243; _module_preset=&#8221;default&#8221; global_colors_info=&#8221;{}&#8221;][\/et_pb_video][et_pb_text _builder_version=&#8221;4.27.5&#8243; _module_preset=&#8221;default&#8221; text_font_size=&#8221;26px&#8221; text_line_height=&#8221;1.4em&#8221; custom_margin=&#8221;10px||30px||false|false&#8221; custom_margin_tablet=&#8221;10px||30px||false|false&#8221; custom_margin_phone=&#8221;0px||30px||false|false&#8221; custom_margin_last_edited=&#8221;on|phone&#8221; hover_enabled=&#8221;0&#8243; text_font_size_tablet=&#8221;26px&#8221; text_font_size_phone=&#8221;20px&#8221; text_font_size_last_edited=&#8221;on|phone&#8221; global_colors_info=&#8221;{}&#8221; sticky_enabled=&#8221;0&#8243;]<\/p>\n<div class=\"flex flex-col text-sm pb-25\">\n<article class=\"text-token-text-primary w-full focus:outline-none [--shadow-height:45px] has-data-writing-block:pointer-events-none has-data-writing-block:-mt-(--shadow-height) has-data-writing-block:pt-(--shadow-height) [&amp;:has([data-writing-block])&gt;*]:pointer-events-auto scroll-mt-[calc(var(--header-height)+min(200px,max(70px,20svh)))]\" dir=\"auto\" data-turn-id=\"request-WEB:f1fac86f-d0b8-44dd-88de-179cb21cc601-10\" data-testid=\"conversation-turn-18\" data-scroll-anchor=\"true\" data-turn=\"assistant\" tabindex=\"-1\">\n<div class=\"text-base my-auto mx-auto pb-10 [--thread-content-margin:--spacing(4)] @w-sm\/main:[--thread-content-margin:--spacing(6)] @w-lg\/main:[--thread-content-margin:--spacing(16)] px-(--thread-content-margin)\">\n<div class=\"[--thread-content-max-width:40rem] @w-lg\/main:[--thread-content-max-width:48rem] mx-auto max-w-(--thread-content-max-width) flex-1 group\/turn-messages focus-visible:outline-hidden relative flex w-full min-w-0 flex-col agent-turn\" tabindex=\"-1\">\n<div class=\"flex max-w-full flex-col grow\">\n<div data-message-author-role=\"assistant\" data-message-id=\"67f0f1c7-3410-448b-b393-d0725bdd38cf\" dir=\"auto\" class=\"min-h-8 text-message relative flex w-full flex-col items-end gap-2 text-start break-words whitespace-normal [.text-message+&amp;]:mt-1\" data-message-model-slug=\"gpt-5-2\">\n<div class=\"flex w-full flex-col gap-1 empty:hidden first:pt-[1px]\">\n<div class=\"markdown prose dark:prose-invert w-full wrap-break-word light markdown-new-styling\">\n<p data-start=\"0\" data-end=\"120\" data-is-last-node=\"\" data-is-only-node=\"\">The Opera Train to Opera p\u00e5 Sk\u00e4ret is more than a journey. It is an entire day filled with music, fellowship, and magic.<\/p>\n<\/div>\n<\/div>\n<\/div>\n<\/div>\n<div class=\"z-0 flex min-h-[46px] justify-start\"><\/div>\n<div class=\"mt-3 w-full empty:hidden\">\n<div class=\"text-center\"><\/div>\n<\/div>\n<\/div>\n<\/div>\n<\/article>\n<\/div>\n<p>[\/et_pb_text][et_pb_button button_url=&#8221;https:\/\/operapaskaret.se\/biljetter\/&#8221; button_text=&#8221;Step aboard \u2013 BOOK THE OPERA TRAIN NOW&#8221; button_alignment=&#8221;center&#8221; _builder_version=&#8221;4.27.5&#8243; _module_preset=&#8221;default&#8221; custom_margin=&#8221;40px||||false|false&#8221; hover_enabled=&#8221;0&#8243; global_colors_info=&#8221;{}&#8221; sticky_enabled=&#8221;0&#8243;][\/et_pb_button][\/et_pb_column][\/et_pb_row][\/et_pb_section]<\/p>\n","protected":false},"excerpt":{"rendered":"<p>Imagine a Saturday or Sunday morning at Stockholm Central Station. On the platform, a classic train set stands waiting. You step aboard and are welcomed by historic carriages adorned with velvet, polished wood panels, and an atmosphere that breathes of times gone by. You find your seat, and together with around a hundred fellow travellers, [&hellip;]<\/p>\n","protected":false},"author":1,"featured_media":11500,"comment_status":"closed","ping_status":"closed","sticky":false,"template":"","format":"standard","meta":{"_et_pb_use_builder":"on","_et_pb_old_content":"","_et_gb_content_width":"","inline_featured_image":false,"footnotes":""},"categories":[40,1],"tags":[],"class_list":["post-11529","post","type-post","status-publish","format-standard","has-post-thumbnail","hentry","category-nyheter-en","category-okategoriserad"],"yoast_head":"<!-- This site is optimized with the Yoast SEO plugin v27.5 - https:\/\/yoast.com\/product\/yoast-seo-wordpress\/ -->\n<title>The Opera Train to Opera p\u00e5 Sk\u00e4ret \u2013 an unforgettable journey of rail, nature, and opera - Opera p\u00e5 Sk\u00e4ret<\/title>\n<meta name=\"robots\" content=\"index, follow, max-snippet:-1, max-image-preview:large, max-video-preview:-1\" \/>\n<link rel=\"canonical\" href=\"https:\/\/operapaskaret.se\/operataget-till-opera-pa-skaret-en-oforglomlig-resa-med-tag-natur-och-opera\/\" \/>\n<meta property=\"og:locale\" content=\"en_US\" \/>\n<meta property=\"og:type\" content=\"article\" \/>\n<meta property=\"og:title\" content=\"The Opera Train to Opera p\u00e5 Sk\u00e4ret \u2013 an unforgettable journey of rail, nature, and opera - Opera p\u00e5 Sk\u00e4ret\" \/>\n<meta property=\"og:description\" content=\"Imagine a Saturday or Sunday morning at Stockholm Central Station. On the platform, a classic train set stands waiting. You step aboard and are welcomed by historic carriages adorned with velvet, polished wood panels, and an atmosphere that breathes of times gone by. You find your seat, and together with around a hundred fellow travellers, [&hellip;]\" \/>\n<meta property=\"og:url\" content=\"https:\/\/operapaskaret.se\/operataget-till-opera-pa-skaret-en-oforglomlig-resa-med-tag-natur-och-opera\/\" \/>\n<meta property=\"og:site_name\" content=\"Opera p\u00e5 Sk\u00e4ret\" \/>\n<meta property=\"article:publisher\" content=\"https:\/\/www.facebook.com\/operapaskaret\" \/>\n<meta property=\"article:published_time\" content=\"2026-02-13T15:00:00+00:00\" \/>\n<meta property=\"article:modified_time\" content=\"2026-02-13T15:00:17+00:00\" \/>\n<meta property=\"og:image\" content=\"https:\/\/operapaskaret.se\/wp-content\/uploads\/2026\/02\/tag-boheme.jpg\" \/>\n\t<meta property=\"og:image:width\" content=\"1000\" \/>\n\t<meta property=\"og:image:height\" content=\"525\" \/>\n\t<meta property=\"og:image:type\" content=\"image\/jpeg\" \/>\n<meta name=\"author\" content=\"operaGang\" \/>\n<meta name=\"twitter:card\" content=\"summary_large_image\" \/>\n<meta name=\"twitter:label1\" content=\"Written by\" \/>\n\t<meta name=\"twitter:data1\" content=\"operaGang\" \/>\n\t<meta name=\"twitter:label2\" content=\"Est. reading time\" \/>\n\t<meta name=\"twitter:data2\" content=\"4 minutes\" \/>\n<script type=\"application\/ld+json\" class=\"yoast-schema-graph\">{\"@context\":\"https:\\\/\\\/schema.org\",\"@graph\":[{\"@type\":\"Article\",\"@id\":\"https:\\\/\\\/operapaskaret.se\\\/operataget-till-opera-pa-skaret-en-oforglomlig-resa-med-tag-natur-och-opera\\\/#article\",\"isPartOf\":{\"@id\":\"https:\\\/\\\/operapaskaret.se\\\/operataget-till-opera-pa-skaret-en-oforglomlig-resa-med-tag-natur-och-opera\\\/\"},\"author\":{\"name\":\"operaGang\",\"@id\":\"https:\\\/\\\/operapaskaret.se\\\/#\\\/schema\\\/person\\\/46df93a698c191615cc71e5628a4bec9\"},\"headline\":\"The Opera Train to Opera p\u00e5 Sk\u00e4ret \u2013 an unforgettable journey of rail, nature, and opera\",\"datePublished\":\"2026-02-13T15:00:00+00:00\",\"dateModified\":\"2026-02-13T15:00:17+00:00\",\"mainEntityOfPage\":{\"@id\":\"https:\\\/\\\/operapaskaret.se\\\/operataget-till-opera-pa-skaret-en-oforglomlig-resa-med-tag-natur-och-opera\\\/\"},\"wordCount\":1270,\"publisher\":{\"@id\":\"https:\\\/\\\/operapaskaret.se\\\/#organization\"},\"image\":{\"@id\":\"https:\\\/\\\/operapaskaret.se\\\/operataget-till-opera-pa-skaret-en-oforglomlig-resa-med-tag-natur-och-opera\\\/#primaryimage\"},\"thumbnailUrl\":\"https:\\\/\\\/operapaskaret.se\\\/wp-content\\\/uploads\\\/2026\\\/02\\\/tag-boheme.jpg\",\"articleSection\":[\"Nyheter\",\"Okategoriserad\"],\"inLanguage\":\"en-US\"},{\"@type\":\"WebPage\",\"@id\":\"https:\\\/\\\/operapaskaret.se\\\/operataget-till-opera-pa-skaret-en-oforglomlig-resa-med-tag-natur-och-opera\\\/\",\"url\":\"https:\\\/\\\/operapaskaret.se\\\/operataget-till-opera-pa-skaret-en-oforglomlig-resa-med-tag-natur-och-opera\\\/\",\"name\":\"The Opera Train to Opera p\u00e5 Sk\u00e4ret \u2013 an unforgettable journey of rail, nature, and opera - Opera p\u00e5 Sk\u00e4ret\",\"isPartOf\":{\"@id\":\"https:\\\/\\\/operapaskaret.se\\\/#website\"},\"primaryImageOfPage\":{\"@id\":\"https:\\\/\\\/operapaskaret.se\\\/operataget-till-opera-pa-skaret-en-oforglomlig-resa-med-tag-natur-och-opera\\\/#primaryimage\"},\"image\":{\"@id\":\"https:\\\/\\\/operapaskaret.se\\\/operataget-till-opera-pa-skaret-en-oforglomlig-resa-med-tag-natur-och-opera\\\/#primaryimage\"},\"thumbnailUrl\":\"https:\\\/\\\/operapaskaret.se\\\/wp-content\\\/uploads\\\/2026\\\/02\\\/tag-boheme.jpg\",\"datePublished\":\"2026-02-13T15:00:00+00:00\",\"dateModified\":\"2026-02-13T15:00:17+00:00\",\"breadcrumb\":{\"@id\":\"https:\\\/\\\/operapaskaret.se\\\/operataget-till-opera-pa-skaret-en-oforglomlig-resa-med-tag-natur-och-opera\\\/#breadcrumb\"},\"inLanguage\":\"en-US\",\"potentialAction\":[{\"@type\":\"ReadAction\",\"target\":[\"https:\\\/\\\/operapaskaret.se\\\/operataget-till-opera-pa-skaret-en-oforglomlig-resa-med-tag-natur-och-opera\\\/\"]}]},{\"@type\":\"ImageObject\",\"inLanguage\":\"en-US\",\"@id\":\"https:\\\/\\\/operapaskaret.se\\\/operataget-till-opera-pa-skaret-en-oforglomlig-resa-med-tag-natur-och-opera\\\/#primaryimage\",\"url\":\"https:\\\/\\\/operapaskaret.se\\\/wp-content\\\/uploads\\\/2026\\\/02\\\/tag-boheme.jpg\",\"contentUrl\":\"https:\\\/\\\/operapaskaret.se\\\/wp-content\\\/uploads\\\/2026\\\/02\\\/tag-boheme.jpg\",\"width\":1000,\"height\":525},{\"@type\":\"BreadcrumbList\",\"@id\":\"https:\\\/\\\/operapaskaret.se\\\/operataget-till-opera-pa-skaret-en-oforglomlig-resa-med-tag-natur-och-opera\\\/#breadcrumb\",\"itemListElement\":[{\"@type\":\"ListItem\",\"position\":1,\"name\":\"Hem\",\"item\":\"https:\\\/\\\/operapaskaret.se\\\/en\\\/\"},{\"@type\":\"ListItem\",\"position\":2,\"name\":\"The Opera Train to Opera p\u00e5 Sk\u00e4ret \u2013 an unforgettable journey of rail, nature, and opera\"}]},{\"@type\":\"WebSite\",\"@id\":\"https:\\\/\\\/operapaskaret.se\\\/#website\",\"url\":\"https:\\\/\\\/operapaskaret.se\\\/\",\"name\":\"Opera p\u00e5 Sk\u00e4ret\",\"description\":\"The Opera Festival in the heart of Sweden\",\"publisher\":{\"@id\":\"https:\\\/\\\/operapaskaret.se\\\/#organization\"},\"potentialAction\":[{\"@type\":\"SearchAction\",\"target\":{\"@type\":\"EntryPoint\",\"urlTemplate\":\"https:\\\/\\\/operapaskaret.se\\\/?s={search_term_string}\"},\"query-input\":{\"@type\":\"PropertyValueSpecification\",\"valueRequired\":true,\"valueName\":\"search_term_string\"}}],\"inLanguage\":\"en-US\"},{\"@type\":\"Organization\",\"@id\":\"https:\\\/\\\/operapaskaret.se\\\/#organization\",\"name\":\"Opera p\u00e5 Sk\u00e4ret\",\"url\":\"https:\\\/\\\/operapaskaret.se\\\/\",\"logo\":{\"@type\":\"ImageObject\",\"inLanguage\":\"en-US\",\"@id\":\"https:\\\/\\\/operapaskaret.se\\\/#\\\/schema\\\/logo\\\/image\\\/\",\"url\":\"https:\\\/\\\/operapaskaret.se\\\/wp-content\\\/uploads\\\/2023\\\/01\\\/OPS_Logo_2023_b.svg\",\"contentUrl\":\"https:\\\/\\\/operapaskaret.se\\\/wp-content\\\/uploads\\\/2023\\\/01\\\/OPS_Logo_2023_b.svg\",\"width\":\"1024\",\"height\":\"1024\",\"caption\":\"Opera p\u00e5 Sk\u00e4ret\"},\"image\":{\"@id\":\"https:\\\/\\\/operapaskaret.se\\\/#\\\/schema\\\/logo\\\/image\\\/\"},\"sameAs\":[\"https:\\\/\\\/www.facebook.com\\\/operapaskaret\",\"https:\\\/\\\/www.instagram.com\\\/operapaskaret\\\/\"]},{\"@type\":\"Person\",\"@id\":\"https:\\\/\\\/operapaskaret.se\\\/#\\\/schema\\\/person\\\/46df93a698c191615cc71e5628a4bec9\",\"name\":\"operaGang\",\"image\":{\"@type\":\"ImageObject\",\"inLanguage\":\"en-US\",\"@id\":\"https:\\\/\\\/secure.gravatar.com\\\/avatar\\\/0eec541a1e59971d44afc570a3a05ae33aa358fd4f1b7842a639585644b96568?s=96&d=mm&r=g\",\"url\":\"https:\\\/\\\/secure.gravatar.com\\\/avatar\\\/0eec541a1e59971d44afc570a3a05ae33aa358fd4f1b7842a639585644b96568?s=96&d=mm&r=g\",\"contentUrl\":\"https:\\\/\\\/secure.gravatar.com\\\/avatar\\\/0eec541a1e59971d44afc570a3a05ae33aa358fd4f1b7842a639585644b96568?s=96&d=mm&r=g\",\"caption\":\"operaGang\"},\"sameAs\":[\"https:\\\/\\\/operapaskaret.se\"],\"url\":\"https:\\\/\\\/operapaskaret.se\\\/en\\\/author\\\/operagang\\\/\"}]}<\/script>\n<!-- \/ Yoast SEO plugin. -->","yoast_head_json":{"title":"The Opera Train to Opera p\u00e5 Sk\u00e4ret \u2013 an unforgettable journey of rail, nature, and opera - Opera p\u00e5 Sk\u00e4ret","robots":{"index":"index","follow":"follow","max-snippet":"max-snippet:-1","max-image-preview":"max-image-preview:large","max-video-preview":"max-video-preview:-1"},"canonical":"https:\/\/operapaskaret.se\/operataget-till-opera-pa-skaret-en-oforglomlig-resa-med-tag-natur-och-opera\/","og_locale":"en_US","og_type":"article","og_title":"The Opera Train to Opera p\u00e5 Sk\u00e4ret \u2013 an unforgettable journey of rail, nature, and opera - Opera p\u00e5 Sk\u00e4ret","og_description":"Imagine a Saturday or Sunday morning at Stockholm Central Station. On the platform, a classic train set stands waiting. You step aboard and are welcomed by historic carriages adorned with velvet, polished wood panels, and an atmosphere that breathes of times gone by. You find your seat, and together with around a hundred fellow travellers, [&hellip;]","og_url":"https:\/\/operapaskaret.se\/operataget-till-opera-pa-skaret-en-oforglomlig-resa-med-tag-natur-och-opera\/","og_site_name":"Opera p\u00e5 Sk\u00e4ret","article_publisher":"https:\/\/www.facebook.com\/operapaskaret","article_published_time":"2026-02-13T15:00:00+00:00","article_modified_time":"2026-02-13T15:00:17+00:00","og_image":[{"width":1000,"height":525,"url":"https:\/\/operapaskaret.se\/wp-content\/uploads\/2026\/02\/tag-boheme.jpg","type":"image\/jpeg"}],"author":"operaGang","twitter_card":"summary_large_image","twitter_misc":{"Written by":"operaGang","Est. reading time":"4 minutes"},"schema":{"@context":"https:\/\/schema.org","@graph":[{"@type":"Article","@id":"https:\/\/operapaskaret.se\/operataget-till-opera-pa-skaret-en-oforglomlig-resa-med-tag-natur-och-opera\/#article","isPartOf":{"@id":"https:\/\/operapaskaret.se\/operataget-till-opera-pa-skaret-en-oforglomlig-resa-med-tag-natur-och-opera\/"},"author":{"name":"operaGang","@id":"https:\/\/operapaskaret.se\/#\/schema\/person\/46df93a698c191615cc71e5628a4bec9"},"headline":"The Opera Train to Opera p\u00e5 Sk\u00e4ret \u2013 an unforgettable journey of rail, nature, and opera","datePublished":"2026-02-13T15:00:00+00:00","dateModified":"2026-02-13T15:00:17+00:00","mainEntityOfPage":{"@id":"https:\/\/operapaskaret.se\/operataget-till-opera-pa-skaret-en-oforglomlig-resa-med-tag-natur-och-opera\/"},"wordCount":1270,"publisher":{"@id":"https:\/\/operapaskaret.se\/#organization"},"image":{"@id":"https:\/\/operapaskaret.se\/operataget-till-opera-pa-skaret-en-oforglomlig-resa-med-tag-natur-och-opera\/#primaryimage"},"thumbnailUrl":"https:\/\/operapaskaret.se\/wp-content\/uploads\/2026\/02\/tag-boheme.jpg","articleSection":["Nyheter","Okategoriserad"],"inLanguage":"en-US"},{"@type":"WebPage","@id":"https:\/\/operapaskaret.se\/operataget-till-opera-pa-skaret-en-oforglomlig-resa-med-tag-natur-och-opera\/","url":"https:\/\/operapaskaret.se\/operataget-till-opera-pa-skaret-en-oforglomlig-resa-med-tag-natur-och-opera\/","name":"The Opera Train to Opera p\u00e5 Sk\u00e4ret \u2013 an unforgettable journey of rail, nature, and opera - Opera p\u00e5 Sk\u00e4ret","isPartOf":{"@id":"https:\/\/operapaskaret.se\/#website"},"primaryImageOfPage":{"@id":"https:\/\/operapaskaret.se\/operataget-till-opera-pa-skaret-en-oforglomlig-resa-med-tag-natur-och-opera\/#primaryimage"},"image":{"@id":"https:\/\/operapaskaret.se\/operataget-till-opera-pa-skaret-en-oforglomlig-resa-med-tag-natur-och-opera\/#primaryimage"},"thumbnailUrl":"https:\/\/operapaskaret.se\/wp-content\/uploads\/2026\/02\/tag-boheme.jpg","datePublished":"2026-02-13T15:00:00+00:00","dateModified":"2026-02-13T15:00:17+00:00","breadcrumb":{"@id":"https:\/\/operapaskaret.se\/operataget-till-opera-pa-skaret-en-oforglomlig-resa-med-tag-natur-och-opera\/#breadcrumb"},"inLanguage":"en-US","potentialAction":[{"@type":"ReadAction","target":["https:\/\/operapaskaret.se\/operataget-till-opera-pa-skaret-en-oforglomlig-resa-med-tag-natur-och-opera\/"]}]},{"@type":"ImageObject","inLanguage":"en-US","@id":"https:\/\/operapaskaret.se\/operataget-till-opera-pa-skaret-en-oforglomlig-resa-med-tag-natur-och-opera\/#primaryimage","url":"https:\/\/operapaskaret.se\/wp-content\/uploads\/2026\/02\/tag-boheme.jpg","contentUrl":"https:\/\/operapaskaret.se\/wp-content\/uploads\/2026\/02\/tag-boheme.jpg","width":1000,"height":525},{"@type":"BreadcrumbList","@id":"https:\/\/operapaskaret.se\/operataget-till-opera-pa-skaret-en-oforglomlig-resa-med-tag-natur-och-opera\/#breadcrumb","itemListElement":[{"@type":"ListItem","position":1,"name":"Hem","item":"https:\/\/operapaskaret.se\/en\/"},{"@type":"ListItem","position":2,"name":"The Opera Train to Opera p\u00e5 Sk\u00e4ret \u2013 an unforgettable journey of rail, nature, and opera"}]},{"@type":"WebSite","@id":"https:\/\/operapaskaret.se\/#website","url":"https:\/\/operapaskaret.se\/","name":"Opera p\u00e5 Sk\u00e4ret","description":"The Opera Festival in the heart of Sweden","publisher":{"@id":"https:\/\/operapaskaret.se\/#organization"},"potentialAction":[{"@type":"SearchAction","target":{"@type":"EntryPoint","urlTemplate":"https:\/\/operapaskaret.se\/?s={search_term_string}"},"query-input":{"@type":"PropertyValueSpecification","valueRequired":true,"valueName":"search_term_string"}}],"inLanguage":"en-US"},{"@type":"Organization","@id":"https:\/\/operapaskaret.se\/#organization","name":"Opera p\u00e5 Sk\u00e4ret","url":"https:\/\/operapaskaret.se\/","logo":{"@type":"ImageObject","inLanguage":"en-US","@id":"https:\/\/operapaskaret.se\/#\/schema\/logo\/image\/","url":"https:\/\/operapaskaret.se\/wp-content\/uploads\/2023\/01\/OPS_Logo_2023_b.svg","contentUrl":"https:\/\/operapaskaret.se\/wp-content\/uploads\/2023\/01\/OPS_Logo_2023_b.svg","width":"1024","height":"1024","caption":"Opera p\u00e5 Sk\u00e4ret"},"image":{"@id":"https:\/\/operapaskaret.se\/#\/schema\/logo\/image\/"},"sameAs":["https:\/\/www.facebook.com\/operapaskaret","https:\/\/www.instagram.com\/operapaskaret\/"]},{"@type":"Person","@id":"https:\/\/operapaskaret.se\/#\/schema\/person\/46df93a698c191615cc71e5628a4bec9","name":"operaGang","image":{"@type":"ImageObject","inLanguage":"en-US","@id":"https:\/\/secure.gravatar.com\/avatar\/0eec541a1e59971d44afc570a3a05ae33aa358fd4f1b7842a639585644b96568?s=96&d=mm&r=g","url":"https:\/\/secure.gravatar.com\/avatar\/0eec541a1e59971d44afc570a3a05ae33aa358fd4f1b7842a639585644b96568?s=96&d=mm&r=g","contentUrl":"https:\/\/secure.gravatar.com\/avatar\/0eec541a1e59971d44afc570a3a05ae33aa358fd4f1b7842a639585644b96568?s=96&d=mm&r=g","caption":"operaGang"},"sameAs":["https:\/\/operapaskaret.se"],"url":"https:\/\/operapaskaret.se\/en\/author\/operagang\/"}]}},"_links":{"self":[{"href":"https:\/\/operapaskaret.se\/en\/wp-json\/wp\/v2\/posts\/11529","targetHints":{"allow":["GET"]}}],"collection":[{"href":"https:\/\/operapaskaret.se\/en\/wp-json\/wp\/v2\/posts"}],"about":[{"href":"https:\/\/operapaskaret.se\/en\/wp-json\/wp\/v2\/types\/post"}],"author":[{"embeddable":true,"href":"https:\/\/operapaskaret.se\/en\/wp-json\/wp\/v2\/users\/1"}],"replies":[{"embeddable":true,"href":"https:\/\/operapaskaret.se\/en\/wp-json\/wp\/v2\/comments?post=11529"}],"version-history":[{"count":8,"href":"https:\/\/operapaskaret.se\/en\/wp-json\/wp\/v2\/posts\/11529\/revisions"}],"predecessor-version":[{"id":11538,"href":"https:\/\/operapaskaret.se\/en\/wp-json\/wp\/v2\/posts\/11529\/revisions\/11538"}],"wp:featuredmedia":[{"embeddable":true,"href":"https:\/\/operapaskaret.se\/en\/wp-json\/wp\/v2\/media\/11500"}],"wp:attachment":[{"href":"https:\/\/operapaskaret.se\/en\/wp-json\/wp\/v2\/media?parent=11529"}],"wp:term":[{"taxonomy":"category","embeddable":true,"href":"https:\/\/operapaskaret.se\/en\/wp-json\/wp\/v2\/categories?post=11529"},{"taxonomy":"post_tag","embeddable":true,"href":"https:\/\/operapaskaret.se\/en\/wp-json\/wp\/v2\/tags?post=11529"}],"curies":[{"name":"wp","href":"https:\/\/api.w.org\/{rel}","templated":true}]}}