{"id":5936,"date":"2024-03-21T12:17:39","date_gmt":"2024-03-21T12:17:39","guid":{"rendered":"https:\/\/operapaskaret.se\/?p=5936"},"modified":"2024-03-21T13:52:19","modified_gmt":"2024-03-21T13:52:19","slug":"world-class-soloists-in-vincenzo-bellinis-norma-this-summer","status":"publish","type":"post","link":"https:\/\/operapaskaret.se\/en\/world-class-soloists-in-vincenzo-bellinis-norma-this-summer\/","title":{"rendered":"World-class soloists in Bellini&#8217;s Norma This summer"},"content":{"rendered":"<p>[et_pb_section fb_built=&#8221;1&#8243; _builder_version=&#8221;4.24.2&#8243; _module_preset=&#8221;default&#8221; global_colors_info=&#8221;{}&#8221;][et_pb_row _builder_version=&#8221;4.24.2&#8243; _module_preset=&#8221;default&#8221; global_colors_info=&#8221;{}&#8221;][et_pb_column type=&#8221;4_4&#8243; _builder_version=&#8221;4.24.2&#8243; _module_preset=&#8221;default&#8221; global_colors_info=&#8221;{}&#8221;][et_pb_image src=&#8221;https:\/\/operapaskaret.se\/wp-content\/uploads\/2024\/03\/k1_PFP5391-1-scaled.jpeg&#8221; title_text=&#8221;MOB: +46707742137&#8243; _builder_version=&#8221;4.24.2&#8243; _module_preset=&#8221;default&#8221; global_colors_info=&#8221;{}&#8221;][\/et_pb_image][\/et_pb_column][\/et_pb_row][\/et_pb_section][et_pb_section fb_built=&#8221;1&#8243; _builder_version=&#8221;4.24.2&#8243; _module_preset=&#8221;default&#8221; global_colors_info=&#8221;{}&#8221;][et_pb_row _builder_version=&#8221;4.24.2&#8243; _module_preset=&#8221;default&#8221; global_colors_info=&#8221;{}&#8221;][et_pb_column type=&#8221;4_4&#8243; _builder_version=&#8221;4.24.2&#8243; _module_preset=&#8221;default&#8221; global_colors_info=&#8221;{}&#8221;][et_pb_text _builder_version=&#8221;4.24.2&#8243; _module_preset=&#8221;default&#8221; global_colors_info=&#8221;{}&#8221;]<\/p>\n<p><b style=\"font-size: 20px;\"><span lang=\"EN-US\">This summer, soloists from a total of nine different countries will grace the stage at Opera p\u00e5 Sk\u00e4ret, all facing a challenging task ahead. Norma, an opera rooted in the Italian bel canto tradition, is a work that demands both lyrical finesse and dramatic power.<\/span><\/b><\/p>\n<div>\n<div>\n<p><span lang=\"EN-US\"><br \/><\/span><span lang=\"EN-US\"><span>The soprano <b>Alina Tkachuk<\/b> from Ukraine, who last year was very successful in the role of Gilda in Rigoletto returns to Opera p\u00e5 Sk\u00e4ret. This year, she will be singing the lead role of Norma. The role is shared between Alina and Serbian soprano <b>Sonja \u0160ari\u0107.<\/b> Pollione is portrayed by tenor <b>Vitaliy Kovalchuk<\/b>, also from Ukraine, and Thai tenor <b>Nutthaporn Thammathi<\/b>. The role of Adalgisa is sung by German mezzo-soprano <b>Anna Werle<\/b> and Colombian <b>Andrea Ni\u00f1o<\/b>. The Finnish bass <b>Petri Lindroos<\/b> sings the role of Oroveso, as does American bass-baritone <b>Tyler Putnam<\/b>, whom many will recognize from last year when he took on the roles of Sparafucile and the Count of Monterone in Rigoletto last year. Last but not least, Swedish <b>Mathilda Bryngelsson<\/b> sings the role of Clotilde.<\/span><\/span><\/p>\n<p><a href=\"https:\/\/operapaskaret.se\/en\/norma\/\">Learn more about Norma and the artistic production&gt;&gt;<\/a><span lang=\"EN-US\"><span><\/span><\/span><\/p>\n<p><span lang=\"EN-US\"><span><\/span><\/span><\/p>\n<\/div>\n<\/div>\n<div><\/div>\n<p>[\/et_pb_text][\/et_pb_column][\/et_pb_row][\/et_pb_section]<\/p>\n","protected":false},"excerpt":{"rendered":"<p>This summer, soloists from a total of nine different countries will grace the stage at Opera p\u00e5 Sk\u00e4ret, all facing a challenging task ahead. Norma, an opera rooted in the Italian bel canto tradition, is a work that demands both lyrical finesse and dramatic power. The soprano Alina Tkachuk from Ukraine, who last year was [&hellip;]<\/p>\n","protected":false},"author":7,"featured_media":5925,"comment_status":"closed","ping_status":"closed","sticky":false,"template":"","format":"standard","meta":{"_et_pb_use_builder":"on","_et_pb_old_content":"","_et_gb_content_width":"","inline_featured_image":false,"footnotes":""},"categories":[35],"tags":[],"class_list":["post-5936","post","type-post","status-publish","format-standard","has-post-thumbnail","hentry","category-news"],"yoast_head":"<!-- This site is optimized with the Yoast SEO plugin v27.5 - https:\/\/yoast.com\/product\/yoast-seo-wordpress\/ -->\n<title>World-class soloists in Bellini&#039;s Norma This summer - Opera p\u00e5 Sk\u00e4ret<\/title>\n<meta name=\"robots\" content=\"index, follow, max-snippet:-1, max-image-preview:large, max-video-preview:-1\" \/>\n<link rel=\"canonical\" href=\"https:\/\/operapaskaret.se\/en\/world-class-soloists-in-vincenzo-bellinis-norma-this-summer\/\" \/>\n<meta property=\"og:locale\" content=\"en_US\" \/>\n<meta property=\"og:type\" content=\"article\" \/>\n<meta property=\"og:title\" content=\"World-class soloists in Bellini&#039;s Norma This summer - Opera p\u00e5 Sk\u00e4ret\" \/>\n<meta property=\"og:description\" content=\"This summer, soloists from a total of nine different countries will grace the stage at Opera p\u00e5 Sk\u00e4ret, all facing a challenging task ahead. Norma, an opera rooted in the Italian bel canto tradition, is a work that demands both lyrical finesse and dramatic power. The soprano Alina Tkachuk from Ukraine, who last year was [&hellip;]\" \/>\n<meta property=\"og:url\" content=\"https:\/\/operapaskaret.se\/en\/world-class-soloists-in-vincenzo-bellinis-norma-this-summer\/\" \/>\n<meta property=\"og:site_name\" content=\"Opera p\u00e5 Sk\u00e4ret\" \/>\n<meta property=\"article:publisher\" content=\"https:\/\/www.facebook.com\/operapaskaret\" \/>\n<meta property=\"article:published_time\" content=\"2024-03-21T12:17:39+00:00\" \/>\n<meta property=\"article:modified_time\" content=\"2024-03-21T13:52:19+00:00\" \/>\n<meta property=\"og:image\" content=\"https:\/\/operapaskaret.se\/wp-content\/uploads\/2024\/03\/k1_PFP5391-1-scaled.jpeg\" \/>\n\t<meta property=\"og:image:width\" content=\"2560\" \/>\n\t<meta property=\"og:image:height\" content=\"1708\" \/>\n\t<meta property=\"og:image:type\" content=\"image\/jpeg\" \/>\n<meta name=\"author\" content=\"OPS_katarina\" \/>\n<meta name=\"twitter:card\" content=\"summary_large_image\" \/>\n<meta name=\"twitter:label1\" content=\"Written by\" \/>\n\t<meta name=\"twitter:data1\" content=\"OPS_katarina\" \/>\n\t<meta name=\"twitter:label2\" content=\"Est. reading time\" \/>\n\t<meta name=\"twitter:data2\" content=\"2 minutes\" \/>\n<script type=\"application\/ld+json\" class=\"yoast-schema-graph\">{\"@context\":\"https:\\\/\\\/schema.org\",\"@graph\":[{\"@type\":\"Article\",\"@id\":\"https:\\\/\\\/operapaskaret.se\\\/en\\\/world-class-soloists-in-vincenzo-bellinis-norma-this-summer\\\/#article\",\"isPartOf\":{\"@id\":\"https:\\\/\\\/operapaskaret.se\\\/en\\\/world-class-soloists-in-vincenzo-bellinis-norma-this-summer\\\/\"},\"author\":{\"name\":\"OPS_katarina\",\"@id\":\"https:\\\/\\\/operapaskaret.se\\\/#\\\/schema\\\/person\\\/7e3193cd16679db84c8a79e63b258a40\"},\"headline\":\"World-class soloists in Bellini&#8217;s Norma This summer\",\"datePublished\":\"2024-03-21T12:17:39+00:00\",\"dateModified\":\"2024-03-21T13:52:19+00:00\",\"mainEntityOfPage\":{\"@id\":\"https:\\\/\\\/operapaskaret.se\\\/en\\\/world-class-soloists-in-vincenzo-bellinis-norma-this-summer\\\/\"},\"wordCount\":326,\"publisher\":{\"@id\":\"https:\\\/\\\/operapaskaret.se\\\/#organization\"},\"image\":{\"@id\":\"https:\\\/\\\/operapaskaret.se\\\/en\\\/world-class-soloists-in-vincenzo-bellinis-norma-this-summer\\\/#primaryimage\"},\"thumbnailUrl\":\"https:\\\/\\\/operapaskaret.se\\\/wp-content\\\/uploads\\\/2024\\\/03\\\/k1_PFP5391-1-scaled.jpeg\",\"articleSection\":[\"News\"],\"inLanguage\":\"en-US\"},{\"@type\":\"WebPage\",\"@id\":\"https:\\\/\\\/operapaskaret.se\\\/en\\\/world-class-soloists-in-vincenzo-bellinis-norma-this-summer\\\/\",\"url\":\"https:\\\/\\\/operapaskaret.se\\\/en\\\/world-class-soloists-in-vincenzo-bellinis-norma-this-summer\\\/\",\"name\":\"World-class soloists in Bellini's Norma This summer - Opera p\u00e5 Sk\u00e4ret\",\"isPartOf\":{\"@id\":\"https:\\\/\\\/operapaskaret.se\\\/#website\"},\"primaryImageOfPage\":{\"@id\":\"https:\\\/\\\/operapaskaret.se\\\/en\\\/world-class-soloists-in-vincenzo-bellinis-norma-this-summer\\\/#primaryimage\"},\"image\":{\"@id\":\"https:\\\/\\\/operapaskaret.se\\\/en\\\/world-class-soloists-in-vincenzo-bellinis-norma-this-summer\\\/#primaryimage\"},\"thumbnailUrl\":\"https:\\\/\\\/operapaskaret.se\\\/wp-content\\\/uploads\\\/2024\\\/03\\\/k1_PFP5391-1-scaled.jpeg\",\"datePublished\":\"2024-03-21T12:17:39+00:00\",\"dateModified\":\"2024-03-21T13:52:19+00:00\",\"breadcrumb\":{\"@id\":\"https:\\\/\\\/operapaskaret.se\\\/en\\\/world-class-soloists-in-vincenzo-bellinis-norma-this-summer\\\/#breadcrumb\"},\"inLanguage\":\"en-US\",\"potentialAction\":[{\"@type\":\"ReadAction\",\"target\":[\"https:\\\/\\\/operapaskaret.se\\\/en\\\/world-class-soloists-in-vincenzo-bellinis-norma-this-summer\\\/\"]}]},{\"@type\":\"ImageObject\",\"inLanguage\":\"en-US\",\"@id\":\"https:\\\/\\\/operapaskaret.se\\\/en\\\/world-class-soloists-in-vincenzo-bellinis-norma-this-summer\\\/#primaryimage\",\"url\":\"https:\\\/\\\/operapaskaret.se\\\/wp-content\\\/uploads\\\/2024\\\/03\\\/k1_PFP5391-1-scaled.jpeg\",\"contentUrl\":\"https:\\\/\\\/operapaskaret.se\\\/wp-content\\\/uploads\\\/2024\\\/03\\\/k1_PFP5391-1-scaled.jpeg\",\"width\":2560,\"height\":1708,\"caption\":\"MOB: +46707742137\"},{\"@type\":\"BreadcrumbList\",\"@id\":\"https:\\\/\\\/operapaskaret.se\\\/en\\\/world-class-soloists-in-vincenzo-bellinis-norma-this-summer\\\/#breadcrumb\",\"itemListElement\":[{\"@type\":\"ListItem\",\"position\":1,\"name\":\"Hem\",\"item\":\"https:\\\/\\\/operapaskaret.se\\\/en\\\/\"},{\"@type\":\"ListItem\",\"position\":2,\"name\":\"World-class soloists in Bellini&#8217;s Norma This summer\"}]},{\"@type\":\"WebSite\",\"@id\":\"https:\\\/\\\/operapaskaret.se\\\/#website\",\"url\":\"https:\\\/\\\/operapaskaret.se\\\/\",\"name\":\"Opera p\u00e5 Sk\u00e4ret\",\"description\":\"The Opera Festival in the heart of Sweden\",\"publisher\":{\"@id\":\"https:\\\/\\\/operapaskaret.se\\\/#organization\"},\"potentialAction\":[{\"@type\":\"SearchAction\",\"target\":{\"@type\":\"EntryPoint\",\"urlTemplate\":\"https:\\\/\\\/operapaskaret.se\\\/?s={search_term_string}\"},\"query-input\":{\"@type\":\"PropertyValueSpecification\",\"valueRequired\":true,\"valueName\":\"search_term_string\"}}],\"inLanguage\":\"en-US\"},{\"@type\":\"Organization\",\"@id\":\"https:\\\/\\\/operapaskaret.se\\\/#organization\",\"name\":\"Opera p\u00e5 Sk\u00e4ret\",\"url\":\"https:\\\/\\\/operapaskaret.se\\\/\",\"logo\":{\"@type\":\"ImageObject\",\"inLanguage\":\"en-US\",\"@id\":\"https:\\\/\\\/operapaskaret.se\\\/#\\\/schema\\\/logo\\\/image\\\/\",\"url\":\"https:\\\/\\\/operapaskaret.se\\\/wp-content\\\/uploads\\\/2023\\\/01\\\/OPS_Logo_2023_b.svg\",\"contentUrl\":\"https:\\\/\\\/operapaskaret.se\\\/wp-content\\\/uploads\\\/2023\\\/01\\\/OPS_Logo_2023_b.svg\",\"width\":\"1024\",\"height\":\"1024\",\"caption\":\"Opera p\u00e5 Sk\u00e4ret\"},\"image\":{\"@id\":\"https:\\\/\\\/operapaskaret.se\\\/#\\\/schema\\\/logo\\\/image\\\/\"},\"sameAs\":[\"https:\\\/\\\/www.facebook.com\\\/operapaskaret\",\"https:\\\/\\\/www.instagram.com\\\/operapaskaret\\\/\"]},{\"@type\":\"Person\",\"@id\":\"https:\\\/\\\/operapaskaret.se\\\/#\\\/schema\\\/person\\\/7e3193cd16679db84c8a79e63b258a40\",\"name\":\"OPS_katarina\",\"image\":{\"@type\":\"ImageObject\",\"inLanguage\":\"en-US\",\"@id\":\"https:\\\/\\\/secure.gravatar.com\\\/avatar\\\/e063955fe9e7cadcaf48b80ff9fd9d717e94626bb76dcecf3963242aa6379f48?s=96&d=mm&r=g\",\"url\":\"https:\\\/\\\/secure.gravatar.com\\\/avatar\\\/e063955fe9e7cadcaf48b80ff9fd9d717e94626bb76dcecf3963242aa6379f48?s=96&d=mm&r=g\",\"contentUrl\":\"https:\\\/\\\/secure.gravatar.com\\\/avatar\\\/e063955fe9e7cadcaf48b80ff9fd9d717e94626bb76dcecf3963242aa6379f48?s=96&d=mm&r=g\",\"caption\":\"OPS_katarina\"},\"url\":\"https:\\\/\\\/operapaskaret.se\\\/en\\\/author\\\/ops_katarina\\\/\"}]}<\/script>\n<!-- \/ Yoast SEO plugin. -->","yoast_head_json":{"title":"World-class soloists in Bellini's Norma This summer - Opera p\u00e5 Sk\u00e4ret","robots":{"index":"index","follow":"follow","max-snippet":"max-snippet:-1","max-image-preview":"max-image-preview:large","max-video-preview":"max-video-preview:-1"},"canonical":"https:\/\/operapaskaret.se\/en\/world-class-soloists-in-vincenzo-bellinis-norma-this-summer\/","og_locale":"en_US","og_type":"article","og_title":"World-class soloists in Bellini's Norma This summer - Opera p\u00e5 Sk\u00e4ret","og_description":"This summer, soloists from a total of nine different countries will grace the stage at Opera p\u00e5 Sk\u00e4ret, all facing a challenging task ahead. Norma, an opera rooted in the Italian bel canto tradition, is a work that demands both lyrical finesse and dramatic power. The soprano Alina Tkachuk from Ukraine, who last year was [&hellip;]","og_url":"https:\/\/operapaskaret.se\/en\/world-class-soloists-in-vincenzo-bellinis-norma-this-summer\/","og_site_name":"Opera p\u00e5 Sk\u00e4ret","article_publisher":"https:\/\/www.facebook.com\/operapaskaret","article_published_time":"2024-03-21T12:17:39+00:00","article_modified_time":"2024-03-21T13:52:19+00:00","og_image":[{"width":2560,"height":1708,"url":"https:\/\/operapaskaret.se\/wp-content\/uploads\/2024\/03\/k1_PFP5391-1-scaled.jpeg","type":"image\/jpeg"}],"author":"OPS_katarina","twitter_card":"summary_large_image","twitter_misc":{"Written by":"OPS_katarina","Est. reading time":"2 minutes"},"schema":{"@context":"https:\/\/schema.org","@graph":[{"@type":"Article","@id":"https:\/\/operapaskaret.se\/en\/world-class-soloists-in-vincenzo-bellinis-norma-this-summer\/#article","isPartOf":{"@id":"https:\/\/operapaskaret.se\/en\/world-class-soloists-in-vincenzo-bellinis-norma-this-summer\/"},"author":{"name":"OPS_katarina","@id":"https:\/\/operapaskaret.se\/#\/schema\/person\/7e3193cd16679db84c8a79e63b258a40"},"headline":"World-class soloists in Bellini&#8217;s Norma This summer","datePublished":"2024-03-21T12:17:39+00:00","dateModified":"2024-03-21T13:52:19+00:00","mainEntityOfPage":{"@id":"https:\/\/operapaskaret.se\/en\/world-class-soloists-in-vincenzo-bellinis-norma-this-summer\/"},"wordCount":326,"publisher":{"@id":"https:\/\/operapaskaret.se\/#organization"},"image":{"@id":"https:\/\/operapaskaret.se\/en\/world-class-soloists-in-vincenzo-bellinis-norma-this-summer\/#primaryimage"},"thumbnailUrl":"https:\/\/operapaskaret.se\/wp-content\/uploads\/2024\/03\/k1_PFP5391-1-scaled.jpeg","articleSection":["News"],"inLanguage":"en-US"},{"@type":"WebPage","@id":"https:\/\/operapaskaret.se\/en\/world-class-soloists-in-vincenzo-bellinis-norma-this-summer\/","url":"https:\/\/operapaskaret.se\/en\/world-class-soloists-in-vincenzo-bellinis-norma-this-summer\/","name":"World-class soloists in Bellini's Norma This summer - Opera p\u00e5 Sk\u00e4ret","isPartOf":{"@id":"https:\/\/operapaskaret.se\/#website"},"primaryImageOfPage":{"@id":"https:\/\/operapaskaret.se\/en\/world-class-soloists-in-vincenzo-bellinis-norma-this-summer\/#primaryimage"},"image":{"@id":"https:\/\/operapaskaret.se\/en\/world-class-soloists-in-vincenzo-bellinis-norma-this-summer\/#primaryimage"},"thumbnailUrl":"https:\/\/operapaskaret.se\/wp-content\/uploads\/2024\/03\/k1_PFP5391-1-scaled.jpeg","datePublished":"2024-03-21T12:17:39+00:00","dateModified":"2024-03-21T13:52:19+00:00","breadcrumb":{"@id":"https:\/\/operapaskaret.se\/en\/world-class-soloists-in-vincenzo-bellinis-norma-this-summer\/#breadcrumb"},"inLanguage":"en-US","potentialAction":[{"@type":"ReadAction","target":["https:\/\/operapaskaret.se\/en\/world-class-soloists-in-vincenzo-bellinis-norma-this-summer\/"]}]},{"@type":"ImageObject","inLanguage":"en-US","@id":"https:\/\/operapaskaret.se\/en\/world-class-soloists-in-vincenzo-bellinis-norma-this-summer\/#primaryimage","url":"https:\/\/operapaskaret.se\/wp-content\/uploads\/2024\/03\/k1_PFP5391-1-scaled.jpeg","contentUrl":"https:\/\/operapaskaret.se\/wp-content\/uploads\/2024\/03\/k1_PFP5391-1-scaled.jpeg","width":2560,"height":1708,"caption":"MOB: +46707742137"},{"@type":"BreadcrumbList","@id":"https:\/\/operapaskaret.se\/en\/world-class-soloists-in-vincenzo-bellinis-norma-this-summer\/#breadcrumb","itemListElement":[{"@type":"ListItem","position":1,"name":"Hem","item":"https:\/\/operapaskaret.se\/en\/"},{"@type":"ListItem","position":2,"name":"World-class soloists in Bellini&#8217;s Norma This summer"}]},{"@type":"WebSite","@id":"https:\/\/operapaskaret.se\/#website","url":"https:\/\/operapaskaret.se\/","name":"Opera p\u00e5 Sk\u00e4ret","description":"The Opera Festival in the heart of Sweden","publisher":{"@id":"https:\/\/operapaskaret.se\/#organization"},"potentialAction":[{"@type":"SearchAction","target":{"@type":"EntryPoint","urlTemplate":"https:\/\/operapaskaret.se\/?s={search_term_string}"},"query-input":{"@type":"PropertyValueSpecification","valueRequired":true,"valueName":"search_term_string"}}],"inLanguage":"en-US"},{"@type":"Organization","@id":"https:\/\/operapaskaret.se\/#organization","name":"Opera p\u00e5 Sk\u00e4ret","url":"https:\/\/operapaskaret.se\/","logo":{"@type":"ImageObject","inLanguage":"en-US","@id":"https:\/\/operapaskaret.se\/#\/schema\/logo\/image\/","url":"https:\/\/operapaskaret.se\/wp-content\/uploads\/2023\/01\/OPS_Logo_2023_b.svg","contentUrl":"https:\/\/operapaskaret.se\/wp-content\/uploads\/2023\/01\/OPS_Logo_2023_b.svg","width":"1024","height":"1024","caption":"Opera p\u00e5 Sk\u00e4ret"},"image":{"@id":"https:\/\/operapaskaret.se\/#\/schema\/logo\/image\/"},"sameAs":["https:\/\/www.facebook.com\/operapaskaret","https:\/\/www.instagram.com\/operapaskaret\/"]},{"@type":"Person","@id":"https:\/\/operapaskaret.se\/#\/schema\/person\/7e3193cd16679db84c8a79e63b258a40","name":"OPS_katarina","image":{"@type":"ImageObject","inLanguage":"en-US","@id":"https:\/\/secure.gravatar.com\/avatar\/e063955fe9e7cadcaf48b80ff9fd9d717e94626bb76dcecf3963242aa6379f48?s=96&d=mm&r=g","url":"https:\/\/secure.gravatar.com\/avatar\/e063955fe9e7cadcaf48b80ff9fd9d717e94626bb76dcecf3963242aa6379f48?s=96&d=mm&r=g","contentUrl":"https:\/\/secure.gravatar.com\/avatar\/e063955fe9e7cadcaf48b80ff9fd9d717e94626bb76dcecf3963242aa6379f48?s=96&d=mm&r=g","caption":"OPS_katarina"},"url":"https:\/\/operapaskaret.se\/en\/author\/ops_katarina\/"}]}},"_links":{"self":[{"href":"https:\/\/operapaskaret.se\/en\/wp-json\/wp\/v2\/posts\/5936","targetHints":{"allow":["GET"]}}],"collection":[{"href":"https:\/\/operapaskaret.se\/en\/wp-json\/wp\/v2\/posts"}],"about":[{"href":"https:\/\/operapaskaret.se\/en\/wp-json\/wp\/v2\/types\/post"}],"author":[{"embeddable":true,"href":"https:\/\/operapaskaret.se\/en\/wp-json\/wp\/v2\/users\/7"}],"replies":[{"embeddable":true,"href":"https:\/\/operapaskaret.se\/en\/wp-json\/wp\/v2\/comments?post=5936"}],"version-history":[{"count":9,"href":"https:\/\/operapaskaret.se\/en\/wp-json\/wp\/v2\/posts\/5936\/revisions"}],"predecessor-version":[{"id":5962,"href":"https:\/\/operapaskaret.se\/en\/wp-json\/wp\/v2\/posts\/5936\/revisions\/5962"}],"wp:featuredmedia":[{"embeddable":true,"href":"https:\/\/operapaskaret.se\/en\/wp-json\/wp\/v2\/media\/5925"}],"wp:attachment":[{"href":"https:\/\/operapaskaret.se\/en\/wp-json\/wp\/v2\/media?parent=5936"}],"wp:term":[{"taxonomy":"category","embeddable":true,"href":"https:\/\/operapaskaret.se\/en\/wp-json\/wp\/v2\/categories?post=5936"},{"taxonomy":"post_tag","embeddable":true,"href":"https:\/\/operapaskaret.se\/en\/wp-json\/wp\/v2\/tags?post=5936"}],"curies":[{"name":"wp","href":"https:\/\/api.w.org\/{rel}","templated":true}]}}