{"id":6660,"date":"2024-05-14T10:31:30","date_gmt":"2024-05-14T10:31:30","guid":{"rendered":"https:\/\/operapaskaret.se\/sonja-saric\/"},"modified":"2024-07-22T19:56:44","modified_gmt":"2024-07-22T19:56:44","slug":"sonja-saric","status":"publish","type":"post","link":"https:\/\/operapaskaret.se\/en\/sonja-saric\/","title":{"rendered":"Sonja \u0160ari\u0107"},"content":{"rendered":"<p>[et_pb_section fb_built=&#8221;1&#8243; _builder_version=&#8221;4.19.0&#8243; _module_preset=&#8221;default&#8221; custom_padding=&#8221;0px||2px|||&#8221; global_colors_info=&#8221;{}&#8221;][et_pb_row column_structure=&#8221;1_2,1_2&#8243; _builder_version=&#8221;4.19.2&#8243; _module_preset=&#8221;default&#8221; custom_css_main_element=&#8221;display: flex;||flex-wrap: wrap;&#8221; locked=&#8221;off&#8221; global_colors_info=&#8221;{}&#8221;][et_pb_column type=&#8221;1_2&#8243; _builder_version=&#8221;4.19.2&#8243; _module_preset=&#8221;default&#8221; global_colors_info=&#8221;{}&#8221; custom_css_main_element_last_edited=&#8221;on|phone&#8221; custom_css_main_element_phone=&#8221;order: 2;&#8221;][et_pb_text _builder_version=&#8221;4.20.4&#8243; _dynamic_attributes=&#8221;content&#8221; _module_preset=&#8221;default&#8221; text_font=&#8221;Bebas Neue|||on|||||&#8221; text_font_size=&#8221;50px&#8221; text_line_height=&#8221;1em&#8221; locked=&#8221;off&#8221; global_colors_info=&#8221;{}&#8221;]@ET-DC@eyJkeW5hbWljIjp0cnVlLCJjb250ZW50IjoicG9zdF90aXRsZSIsInNldHRpbmdzIjp7ImJlZm9yZSI6IiIsImFmdGVyIjoiIn19@[\/et_pb_text][et_pb_text _builder_version=&#8221;4.25.1&#8243; _module_preset=&#8221;default&#8221; global_colors_info=&#8221;{}&#8221;]<\/p>\n<p class=\"p1\">Serbian soprano Sonja \u0160ari\u0107 studied at the University of Music Mannheim. In 2017, she won the Maria Callas Grand Prix in Athens. She was also the winner of the Austrian Music Theater Prize in 2019 and in Eva Marton International Competition in 2021. In addition to international engagements, she is part of the ensemble at the National Theater in Belgrade since 2023. Her repertoire includes roles such as Bellini\u2019s Norma, Senta in The Flying Dutchman, Leonora in Il Trovatore, Aida in Aida, Alice Ford in Falstaff, the Countess in The Marriage of Figaro, Madame Cortese in Il viaggio a Reims, Nedda in Pagliacci, Gerhilde in The Valkyrie and Maria in Maria Stuart.<\/p>\n<p>[\/et_pb_text][et_pb_text disabled_on=&#8221;off|off|off&#8221; _builder_version=&#8221;4.25.1&#8243; _module_preset=&#8221;default&#8221; background_color=&#8221;#ECECEC&#8221; custom_padding=&#8221;30px|30px|30px|30px|false|false&#8221; global_colors_info=&#8221;{}&#8221;]<\/p>\n<p>More about Sonja \u0160ari\u0107<br \/><a href=\"http:\/\/www.operabase.com\/artists\/sonja-saric-90069\/sv\">operabase.com\/artists\/sonja-saric-90069\/sv<\/a><\/p>\n<p>[\/et_pb_text][\/et_pb_column][et_pb_column type=&#8221;1_2&#8243; _builder_version=&#8221;4.19.2&#8243; _module_preset=&#8221;default&#8221; global_colors_info=&#8221;{}&#8221; custom_css_main_element_last_edited=&#8221;on|phone&#8221; custom_css_main_element_phone=&#8221;order: 1;&#8221;][et_pb_image src=&#8221;https:\/\/operapaskaret.se\/wp-content\/uploads\/2024\/07\/\u00a9photographer_andreas-hylthen-5828.jpg&#8221; title_text=&#8221;\u00a9photographer_andreas hylthen-5828&#8243; _builder_version=&#8221;4.27.0&#8243; _module_preset=&#8221;default&#8221; custom_margin=&#8221;||||false|false&#8221; custom_margin_tablet=&#8221;||||false|false&#8221; custom_margin_phone=&#8221;||30px||false|false&#8221; custom_margin_last_edited=&#8221;on|phone&#8221; hover_enabled=&#8221;0&#8243; global_colors_info=&#8221;{}&#8221; sticky_enabled=&#8221;0&#8243;][\/et_pb_image][\/et_pb_column][\/et_pb_row][\/et_pb_section]<\/p>\n","protected":false},"excerpt":{"rendered":"<p>Serbian soprano Sonja \u0160ari\u0107 studied at the University of Music Mannheim. In 2017, she won the Maria Callas Grand Prix in Athens. She was also the winner of the Austrian Music Theater Prize in 2019 and in Eva Marton International Competition in 2021. In addition to international engagements, she is part of the ensemble at [&hellip;]<\/p>\n","protected":false},"author":1,"featured_media":0,"comment_status":"open","ping_status":"open","sticky":false,"template":"","format":"standard","meta":{"_et_pb_use_builder":"on","_et_pb_old_content":"","_et_gb_content_width":"2880","inline_featured_image":false,"footnotes":""},"categories":[37],"tags":[],"class_list":["post-6660","post","type-post","status-publish","format-standard","hentry","category-solister-en"],"yoast_head":"<!-- This site is optimized with the Yoast SEO plugin v27.5 - https:\/\/yoast.com\/product\/yoast-seo-wordpress\/ -->\n<title>Sonja \u0160ari\u0107 - Opera p\u00e5 Sk\u00e4ret<\/title>\n<meta name=\"robots\" content=\"index, follow, max-snippet:-1, max-image-preview:large, max-video-preview:-1\" \/>\n<link rel=\"canonical\" href=\"https:\/\/operapaskaret.se\/en\/sonja-saric\/\" \/>\n<meta property=\"og:locale\" content=\"en_US\" \/>\n<meta property=\"og:type\" content=\"article\" \/>\n<meta property=\"og:title\" content=\"Sonja \u0160ari\u0107 - Opera p\u00e5 Sk\u00e4ret\" \/>\n<meta property=\"og:description\" content=\"Serbian soprano Sonja \u0160ari\u0107 studied at the University of Music Mannheim. In 2017, she won the Maria Callas Grand Prix in Athens. She was also the winner of the Austrian Music Theater Prize in 2019 and in Eva Marton International Competition in 2021. In addition to international engagements, she is part of the ensemble at [&hellip;]\" \/>\n<meta property=\"og:url\" content=\"https:\/\/operapaskaret.se\/en\/sonja-saric\/\" \/>\n<meta property=\"og:site_name\" content=\"Opera p\u00e5 Sk\u00e4ret\" \/>\n<meta property=\"article:publisher\" content=\"https:\/\/www.facebook.com\/operapaskaret\" \/>\n<meta property=\"article:published_time\" content=\"2024-05-14T10:31:30+00:00\" \/>\n<meta property=\"article:modified_time\" content=\"2024-07-22T19:56:44+00:00\" \/>\n<meta name=\"author\" content=\"operaGang\" \/>\n<meta name=\"twitter:card\" content=\"summary_large_image\" \/>\n<meta name=\"twitter:label1\" content=\"Written by\" \/>\n\t<meta name=\"twitter:data1\" content=\"operaGang\" \/>\n\t<meta name=\"twitter:label2\" content=\"Est. reading time\" \/>\n\t<meta name=\"twitter:data2\" content=\"1 minute\" \/>\n<script type=\"application\/ld+json\" class=\"yoast-schema-graph\">{\"@context\":\"https:\\\/\\\/schema.org\",\"@graph\":[{\"@type\":\"Article\",\"@id\":\"https:\\\/\\\/operapaskaret.se\\\/en\\\/sonja-saric\\\/#article\",\"isPartOf\":{\"@id\":\"https:\\\/\\\/operapaskaret.se\\\/en\\\/sonja-saric\\\/\"},\"author\":{\"name\":\"operaGang\",\"@id\":\"https:\\\/\\\/operapaskaret.se\\\/#\\\/schema\\\/person\\\/46df93a698c191615cc71e5628a4bec9\"},\"headline\":\"Sonja \u0160ari\u0107\",\"datePublished\":\"2024-05-14T10:31:30+00:00\",\"dateModified\":\"2024-07-22T19:56:44+00:00\",\"mainEntityOfPage\":{\"@id\":\"https:\\\/\\\/operapaskaret.se\\\/en\\\/sonja-saric\\\/\"},\"wordCount\":364,\"commentCount\":0,\"publisher\":{\"@id\":\"https:\\\/\\\/operapaskaret.se\\\/#organization\"},\"articleSection\":[\"Solister\"],\"inLanguage\":\"en-US\",\"potentialAction\":[{\"@type\":\"CommentAction\",\"name\":\"Comment\",\"target\":[\"https:\\\/\\\/operapaskaret.se\\\/en\\\/sonja-saric\\\/#respond\"]}]},{\"@type\":\"WebPage\",\"@id\":\"https:\\\/\\\/operapaskaret.se\\\/en\\\/sonja-saric\\\/\",\"url\":\"https:\\\/\\\/operapaskaret.se\\\/en\\\/sonja-saric\\\/\",\"name\":\"Sonja \u0160ari\u0107 - Opera p\u00e5 Sk\u00e4ret\",\"isPartOf\":{\"@id\":\"https:\\\/\\\/operapaskaret.se\\\/#website\"},\"datePublished\":\"2024-05-14T10:31:30+00:00\",\"dateModified\":\"2024-07-22T19:56:44+00:00\",\"breadcrumb\":{\"@id\":\"https:\\\/\\\/operapaskaret.se\\\/en\\\/sonja-saric\\\/#breadcrumb\"},\"inLanguage\":\"en-US\",\"potentialAction\":[{\"@type\":\"ReadAction\",\"target\":[\"https:\\\/\\\/operapaskaret.se\\\/en\\\/sonja-saric\\\/\"]}]},{\"@type\":\"BreadcrumbList\",\"@id\":\"https:\\\/\\\/operapaskaret.se\\\/en\\\/sonja-saric\\\/#breadcrumb\",\"itemListElement\":[{\"@type\":\"ListItem\",\"position\":1,\"name\":\"Hem\",\"item\":\"https:\\\/\\\/operapaskaret.se\\\/en\\\/\"},{\"@type\":\"ListItem\",\"position\":2,\"name\":\"Sonja \u0160ari\u0107\"}]},{\"@type\":\"WebSite\",\"@id\":\"https:\\\/\\\/operapaskaret.se\\\/#website\",\"url\":\"https:\\\/\\\/operapaskaret.se\\\/\",\"name\":\"Opera p\u00e5 Sk\u00e4ret\",\"description\":\"The Opera Festival in the heart of Sweden\",\"publisher\":{\"@id\":\"https:\\\/\\\/operapaskaret.se\\\/#organization\"},\"potentialAction\":[{\"@type\":\"SearchAction\",\"target\":{\"@type\":\"EntryPoint\",\"urlTemplate\":\"https:\\\/\\\/operapaskaret.se\\\/?s={search_term_string}\"},\"query-input\":{\"@type\":\"PropertyValueSpecification\",\"valueRequired\":true,\"valueName\":\"search_term_string\"}}],\"inLanguage\":\"en-US\"},{\"@type\":\"Organization\",\"@id\":\"https:\\\/\\\/operapaskaret.se\\\/#organization\",\"name\":\"Opera p\u00e5 Sk\u00e4ret\",\"url\":\"https:\\\/\\\/operapaskaret.se\\\/\",\"logo\":{\"@type\":\"ImageObject\",\"inLanguage\":\"en-US\",\"@id\":\"https:\\\/\\\/operapaskaret.se\\\/#\\\/schema\\\/logo\\\/image\\\/\",\"url\":\"https:\\\/\\\/operapaskaret.se\\\/wp-content\\\/uploads\\\/2023\\\/01\\\/OPS_Logo_2023_b.svg\",\"contentUrl\":\"https:\\\/\\\/operapaskaret.se\\\/wp-content\\\/uploads\\\/2023\\\/01\\\/OPS_Logo_2023_b.svg\",\"width\":\"1024\",\"height\":\"1024\",\"caption\":\"Opera p\u00e5 Sk\u00e4ret\"},\"image\":{\"@id\":\"https:\\\/\\\/operapaskaret.se\\\/#\\\/schema\\\/logo\\\/image\\\/\"},\"sameAs\":[\"https:\\\/\\\/www.facebook.com\\\/operapaskaret\",\"https:\\\/\\\/www.instagram.com\\\/operapaskaret\\\/\"]},{\"@type\":\"Person\",\"@id\":\"https:\\\/\\\/operapaskaret.se\\\/#\\\/schema\\\/person\\\/46df93a698c191615cc71e5628a4bec9\",\"name\":\"operaGang\",\"image\":{\"@type\":\"ImageObject\",\"inLanguage\":\"en-US\",\"@id\":\"https:\\\/\\\/secure.gravatar.com\\\/avatar\\\/0eec541a1e59971d44afc570a3a05ae33aa358fd4f1b7842a639585644b96568?s=96&d=mm&r=g\",\"url\":\"https:\\\/\\\/secure.gravatar.com\\\/avatar\\\/0eec541a1e59971d44afc570a3a05ae33aa358fd4f1b7842a639585644b96568?s=96&d=mm&r=g\",\"contentUrl\":\"https:\\\/\\\/secure.gravatar.com\\\/avatar\\\/0eec541a1e59971d44afc570a3a05ae33aa358fd4f1b7842a639585644b96568?s=96&d=mm&r=g\",\"caption\":\"operaGang\"},\"sameAs\":[\"https:\\\/\\\/operapaskaret.se\"],\"url\":\"https:\\\/\\\/operapaskaret.se\\\/en\\\/author\\\/operagang\\\/\"}]}<\/script>\n<!-- \/ Yoast SEO plugin. -->","yoast_head_json":{"title":"Sonja \u0160ari\u0107 - Opera p\u00e5 Sk\u00e4ret","robots":{"index":"index","follow":"follow","max-snippet":"max-snippet:-1","max-image-preview":"max-image-preview:large","max-video-preview":"max-video-preview:-1"},"canonical":"https:\/\/operapaskaret.se\/en\/sonja-saric\/","og_locale":"en_US","og_type":"article","og_title":"Sonja \u0160ari\u0107 - Opera p\u00e5 Sk\u00e4ret","og_description":"Serbian soprano Sonja \u0160ari\u0107 studied at the University of Music Mannheim. In 2017, she won the Maria Callas Grand Prix in Athens. She was also the winner of the Austrian Music Theater Prize in 2019 and in Eva Marton International Competition in 2021. In addition to international engagements, she is part of the ensemble at [&hellip;]","og_url":"https:\/\/operapaskaret.se\/en\/sonja-saric\/","og_site_name":"Opera p\u00e5 Sk\u00e4ret","article_publisher":"https:\/\/www.facebook.com\/operapaskaret","article_published_time":"2024-05-14T10:31:30+00:00","article_modified_time":"2024-07-22T19:56:44+00:00","author":"operaGang","twitter_card":"summary_large_image","twitter_misc":{"Written by":"operaGang","Est. reading time":"1 minute"},"schema":{"@context":"https:\/\/schema.org","@graph":[{"@type":"Article","@id":"https:\/\/operapaskaret.se\/en\/sonja-saric\/#article","isPartOf":{"@id":"https:\/\/operapaskaret.se\/en\/sonja-saric\/"},"author":{"name":"operaGang","@id":"https:\/\/operapaskaret.se\/#\/schema\/person\/46df93a698c191615cc71e5628a4bec9"},"headline":"Sonja \u0160ari\u0107","datePublished":"2024-05-14T10:31:30+00:00","dateModified":"2024-07-22T19:56:44+00:00","mainEntityOfPage":{"@id":"https:\/\/operapaskaret.se\/en\/sonja-saric\/"},"wordCount":364,"commentCount":0,"publisher":{"@id":"https:\/\/operapaskaret.se\/#organization"},"articleSection":["Solister"],"inLanguage":"en-US","potentialAction":[{"@type":"CommentAction","name":"Comment","target":["https:\/\/operapaskaret.se\/en\/sonja-saric\/#respond"]}]},{"@type":"WebPage","@id":"https:\/\/operapaskaret.se\/en\/sonja-saric\/","url":"https:\/\/operapaskaret.se\/en\/sonja-saric\/","name":"Sonja \u0160ari\u0107 - Opera p\u00e5 Sk\u00e4ret","isPartOf":{"@id":"https:\/\/operapaskaret.se\/#website"},"datePublished":"2024-05-14T10:31:30+00:00","dateModified":"2024-07-22T19:56:44+00:00","breadcrumb":{"@id":"https:\/\/operapaskaret.se\/en\/sonja-saric\/#breadcrumb"},"inLanguage":"en-US","potentialAction":[{"@type":"ReadAction","target":["https:\/\/operapaskaret.se\/en\/sonja-saric\/"]}]},{"@type":"BreadcrumbList","@id":"https:\/\/operapaskaret.se\/en\/sonja-saric\/#breadcrumb","itemListElement":[{"@type":"ListItem","position":1,"name":"Hem","item":"https:\/\/operapaskaret.se\/en\/"},{"@type":"ListItem","position":2,"name":"Sonja \u0160ari\u0107"}]},{"@type":"WebSite","@id":"https:\/\/operapaskaret.se\/#website","url":"https:\/\/operapaskaret.se\/","name":"Opera p\u00e5 Sk\u00e4ret","description":"The Opera Festival in the heart of Sweden","publisher":{"@id":"https:\/\/operapaskaret.se\/#organization"},"potentialAction":[{"@type":"SearchAction","target":{"@type":"EntryPoint","urlTemplate":"https:\/\/operapaskaret.se\/?s={search_term_string}"},"query-input":{"@type":"PropertyValueSpecification","valueRequired":true,"valueName":"search_term_string"}}],"inLanguage":"en-US"},{"@type":"Organization","@id":"https:\/\/operapaskaret.se\/#organization","name":"Opera p\u00e5 Sk\u00e4ret","url":"https:\/\/operapaskaret.se\/","logo":{"@type":"ImageObject","inLanguage":"en-US","@id":"https:\/\/operapaskaret.se\/#\/schema\/logo\/image\/","url":"https:\/\/operapaskaret.se\/wp-content\/uploads\/2023\/01\/OPS_Logo_2023_b.svg","contentUrl":"https:\/\/operapaskaret.se\/wp-content\/uploads\/2023\/01\/OPS_Logo_2023_b.svg","width":"1024","height":"1024","caption":"Opera p\u00e5 Sk\u00e4ret"},"image":{"@id":"https:\/\/operapaskaret.se\/#\/schema\/logo\/image\/"},"sameAs":["https:\/\/www.facebook.com\/operapaskaret","https:\/\/www.instagram.com\/operapaskaret\/"]},{"@type":"Person","@id":"https:\/\/operapaskaret.se\/#\/schema\/person\/46df93a698c191615cc71e5628a4bec9","name":"operaGang","image":{"@type":"ImageObject","inLanguage":"en-US","@id":"https:\/\/secure.gravatar.com\/avatar\/0eec541a1e59971d44afc570a3a05ae33aa358fd4f1b7842a639585644b96568?s=96&d=mm&r=g","url":"https:\/\/secure.gravatar.com\/avatar\/0eec541a1e59971d44afc570a3a05ae33aa358fd4f1b7842a639585644b96568?s=96&d=mm&r=g","contentUrl":"https:\/\/secure.gravatar.com\/avatar\/0eec541a1e59971d44afc570a3a05ae33aa358fd4f1b7842a639585644b96568?s=96&d=mm&r=g","caption":"operaGang"},"sameAs":["https:\/\/operapaskaret.se"],"url":"https:\/\/operapaskaret.se\/en\/author\/operagang\/"}]}},"_links":{"self":[{"href":"https:\/\/operapaskaret.se\/en\/wp-json\/wp\/v2\/posts\/6660","targetHints":{"allow":["GET"]}}],"collection":[{"href":"https:\/\/operapaskaret.se\/en\/wp-json\/wp\/v2\/posts"}],"about":[{"href":"https:\/\/operapaskaret.se\/en\/wp-json\/wp\/v2\/types\/post"}],"author":[{"embeddable":true,"href":"https:\/\/operapaskaret.se\/en\/wp-json\/wp\/v2\/users\/1"}],"replies":[{"embeddable":true,"href":"https:\/\/operapaskaret.se\/en\/wp-json\/wp\/v2\/comments?post=6660"}],"version-history":[{"count":7,"href":"https:\/\/operapaskaret.se\/en\/wp-json\/wp\/v2\/posts\/6660\/revisions"}],"predecessor-version":[{"id":7697,"href":"https:\/\/operapaskaret.se\/en\/wp-json\/wp\/v2\/posts\/6660\/revisions\/7697"}],"wp:attachment":[{"href":"https:\/\/operapaskaret.se\/en\/wp-json\/wp\/v2\/media?parent=6660"}],"wp:term":[{"taxonomy":"category","embeddable":true,"href":"https:\/\/operapaskaret.se\/en\/wp-json\/wp\/v2\/categories?post=6660"},{"taxonomy":"post_tag","embeddable":true,"href":"https:\/\/operapaskaret.se\/en\/wp-json\/wp\/v2\/tags?post=6660"}],"curies":[{"name":"wp","href":"https:\/\/api.w.org\/{rel}","templated":true}]}}