{"id":6689,"date":"2024-05-14T11:14:35","date_gmt":"2024-05-14T11:14:35","guid":{"rendered":"https:\/\/operapaskaret.se\/petri-lindroos\/"},"modified":"2024-07-24T14:00:52","modified_gmt":"2024-07-24T14:00:52","slug":"petri-lindroos","status":"publish","type":"post","link":"https:\/\/operapaskaret.se\/en\/petri-lindroos\/","title":{"rendered":"Petri Lindroos"},"content":{"rendered":"<p>[et_pb_section fb_built=&#8221;1&#8243; _builder_version=&#8221;4.19.0&#8243; _module_preset=&#8221;default&#8221; custom_padding=&#8221;0px||2px|||&#8221; global_colors_info=&#8221;{}&#8221;][et_pb_row column_structure=&#8221;1_2,1_2&#8243; _builder_version=&#8221;4.19.2&#8243; _module_preset=&#8221;default&#8221; custom_css_main_element=&#8221;display: flex;||flex-wrap: wrap;&#8221; locked=&#8221;off&#8221; global_colors_info=&#8221;{}&#8221;][et_pb_column type=&#8221;1_2&#8243; _builder_version=&#8221;4.19.2&#8243; _module_preset=&#8221;default&#8221; global_colors_info=&#8221;{}&#8221; custom_css_main_element_last_edited=&#8221;on|phone&#8221; custom_css_main_element_phone=&#8221;order: 2;&#8221;][et_pb_text _builder_version=&#8221;4.20.4&#8243; _dynamic_attributes=&#8221;content&#8221; _module_preset=&#8221;default&#8221; text_font=&#8221;Bebas Neue|||on|||||&#8221; text_font_size=&#8221;50px&#8221; text_line_height=&#8221;1em&#8221; locked=&#8221;off&#8221; global_colors_info=&#8221;{}&#8221;]@ET-DC@eyJkeW5hbWljIjp0cnVlLCJjb250ZW50IjoicG9zdF90aXRsZSIsInNldHRpbmdzIjp7ImJlZm9yZSI6IiIsImFmdGVyIjoiIn19@[\/et_pb_text][et_pb_text _builder_version=&#8221;4.25.1&#8243; _module_preset=&#8221;default&#8221; global_colors_info=&#8221;{}&#8221;]<\/p>\n<p>Finnish bass who, during his career, has sung roles such as Sarastro in Die Zauberfl\u00f6te, Osmin in Die Enf\u00fchrung aus dem Serail, Leporello in Don Giovanni, Gremin in Onegin, King Filip in Don Carlos, Fiesco in Simon Boccanegra, Zaccharia in Nabucco, Mefistoph\u00e9les in Faust, Mefistoph\u00e9les in La Damnation du Faust etc. Petri Lindroos has worked at opera houses such as La Scala, Opera Bastille, Opera Garnier, Opera du Chatelet in Paris, The Royal Swedish Opera, the Royal Danish Opera, the Norwegian Opera and the Finnish National Opera among others. He has worked with conductors as for example Riccardo Muti, Leif Segerstam, Sakari Oramo, Kent Nagano and Zubin Mehta.<\/p>\n<p>[\/et_pb_text][et_pb_text disabled_on=&#8221;off|off|off&#8221; _builder_version=&#8221;4.25.1&#8243; _module_preset=&#8221;default&#8221; background_color=&#8221;#ECECEC&#8221; custom_padding=&#8221;30px|30px|30px|30px|false|false&#8221; global_colors_info=&#8221;{}&#8221;]<\/p>\n<p>More about Petri Lindroos<br \/><a href=\"https:\/\/crescendiartists.com\/portfolio\/petri-lindroos\/\">crescendiartists.com\/portfolio\/petri-lindroos\/<\/a><\/p>\n<p>[\/et_pb_text][\/et_pb_column][et_pb_column type=&#8221;1_2&#8243; _builder_version=&#8221;4.19.2&#8243; _module_preset=&#8221;default&#8221; global_colors_info=&#8221;{}&#8221; custom_css_main_element_last_edited=&#8221;on|phone&#8221; custom_css_main_element_phone=&#8221;order: 1;&#8221;][et_pb_image src=&#8221;https:\/\/operapaskaret.se\/wp-content\/uploads\/2024\/07\/\u00a9photographer_andreas-hylthen-5910.jpg&#8221; title_text=&#8221;\u00a9photographer_andreas hylthen-5910&#8243; _builder_version=&#8221;4.26.0&#8243; _module_preset=&#8221;default&#8221; custom_margin=&#8221;||||false|false&#8221; custom_margin_tablet=&#8221;||||false|false&#8221; custom_margin_phone=&#8221;||30px||false|false&#8221; custom_margin_last_edited=&#8221;on|phone&#8221; global_colors_info=&#8221;{}&#8221;][\/et_pb_image][\/et_pb_column][\/et_pb_row][\/et_pb_section]<\/p>\n","protected":false},"excerpt":{"rendered":"<p>Finnish bass who, during his career, has sung roles such as Sarastro in Die Zauberfl\u00f6te, Osmin in Die Enf\u00fchrung aus dem Serail, Leporello in Don Giovanni, Gremin in Onegin, King Filip in Don Carlos, Fiesco in Simon Boccanegra, Zaccharia in Nabucco, Mefistoph\u00e9les in Faust, Mefistoph\u00e9les in La Damnation du Faust etc. Petri Lindroos has worked [&hellip;]<\/p>\n","protected":false},"author":1,"featured_media":0,"comment_status":"open","ping_status":"open","sticky":false,"template":"","format":"standard","meta":{"_et_pb_use_builder":"on","_et_pb_old_content":"","_et_gb_content_width":"2880","inline_featured_image":false,"footnotes":""},"categories":[37],"tags":[],"class_list":["post-6689","post","type-post","status-publish","format-standard","hentry","category-solister-en"],"yoast_head":"<!-- This site is optimized with the Yoast SEO plugin v27.5 - https:\/\/yoast.com\/product\/yoast-seo-wordpress\/ -->\n<title>Petri Lindroos - Opera p\u00e5 Sk\u00e4ret<\/title>\n<meta name=\"robots\" content=\"index, follow, max-snippet:-1, max-image-preview:large, max-video-preview:-1\" \/>\n<link rel=\"canonical\" href=\"https:\/\/operapaskaret.se\/en\/petri-lindroos\/\" \/>\n<meta property=\"og:locale\" content=\"en_US\" \/>\n<meta property=\"og:type\" content=\"article\" \/>\n<meta property=\"og:title\" content=\"Petri Lindroos - Opera p\u00e5 Sk\u00e4ret\" \/>\n<meta property=\"og:description\" content=\"Finnish bass who, during his career, has sung roles such as Sarastro in Die Zauberfl\u00f6te, Osmin in Die Enf\u00fchrung aus dem Serail, Leporello in Don Giovanni, Gremin in Onegin, King Filip in Don Carlos, Fiesco in Simon Boccanegra, Zaccharia in Nabucco, Mefistoph\u00e9les in Faust, Mefistoph\u00e9les in La Damnation du Faust etc. Petri Lindroos has worked [&hellip;]\" \/>\n<meta property=\"og:url\" content=\"https:\/\/operapaskaret.se\/en\/petri-lindroos\/\" \/>\n<meta property=\"og:site_name\" content=\"Opera p\u00e5 Sk\u00e4ret\" \/>\n<meta property=\"article:publisher\" content=\"https:\/\/www.facebook.com\/operapaskaret\" \/>\n<meta property=\"article:published_time\" content=\"2024-05-14T11:14:35+00:00\" \/>\n<meta property=\"article:modified_time\" content=\"2024-07-24T14:00:52+00:00\" \/>\n<meta name=\"author\" content=\"operaGang\" \/>\n<meta name=\"twitter:card\" content=\"summary_large_image\" \/>\n<meta name=\"twitter:label1\" content=\"Written by\" \/>\n\t<meta name=\"twitter:data1\" content=\"operaGang\" \/>\n\t<meta name=\"twitter:label2\" content=\"Est. reading time\" \/>\n\t<meta name=\"twitter:data2\" content=\"1 minute\" \/>\n<script type=\"application\/ld+json\" class=\"yoast-schema-graph\">{\"@context\":\"https:\\\/\\\/schema.org\",\"@graph\":[{\"@type\":\"Article\",\"@id\":\"https:\\\/\\\/operapaskaret.se\\\/en\\\/petri-lindroos\\\/#article\",\"isPartOf\":{\"@id\":\"https:\\\/\\\/operapaskaret.se\\\/en\\\/petri-lindroos\\\/\"},\"author\":{\"name\":\"operaGang\",\"@id\":\"https:\\\/\\\/operapaskaret.se\\\/#\\\/schema\\\/person\\\/46df93a698c191615cc71e5628a4bec9\"},\"headline\":\"Petri Lindroos\",\"datePublished\":\"2024-05-14T11:14:35+00:00\",\"dateModified\":\"2024-07-24T14:00:52+00:00\",\"mainEntityOfPage\":{\"@id\":\"https:\\\/\\\/operapaskaret.se\\\/en\\\/petri-lindroos\\\/\"},\"wordCount\":362,\"commentCount\":0,\"publisher\":{\"@id\":\"https:\\\/\\\/operapaskaret.se\\\/#organization\"},\"articleSection\":[\"Solister\"],\"inLanguage\":\"en-US\",\"potentialAction\":[{\"@type\":\"CommentAction\",\"name\":\"Comment\",\"target\":[\"https:\\\/\\\/operapaskaret.se\\\/en\\\/petri-lindroos\\\/#respond\"]}]},{\"@type\":\"WebPage\",\"@id\":\"https:\\\/\\\/operapaskaret.se\\\/en\\\/petri-lindroos\\\/\",\"url\":\"https:\\\/\\\/operapaskaret.se\\\/en\\\/petri-lindroos\\\/\",\"name\":\"Petri Lindroos - Opera p\u00e5 Sk\u00e4ret\",\"isPartOf\":{\"@id\":\"https:\\\/\\\/operapaskaret.se\\\/#website\"},\"datePublished\":\"2024-05-14T11:14:35+00:00\",\"dateModified\":\"2024-07-24T14:00:52+00:00\",\"breadcrumb\":{\"@id\":\"https:\\\/\\\/operapaskaret.se\\\/en\\\/petri-lindroos\\\/#breadcrumb\"},\"inLanguage\":\"en-US\",\"potentialAction\":[{\"@type\":\"ReadAction\",\"target\":[\"https:\\\/\\\/operapaskaret.se\\\/en\\\/petri-lindroos\\\/\"]}]},{\"@type\":\"BreadcrumbList\",\"@id\":\"https:\\\/\\\/operapaskaret.se\\\/en\\\/petri-lindroos\\\/#breadcrumb\",\"itemListElement\":[{\"@type\":\"ListItem\",\"position\":1,\"name\":\"Hem\",\"item\":\"https:\\\/\\\/operapaskaret.se\\\/en\\\/\"},{\"@type\":\"ListItem\",\"position\":2,\"name\":\"Petri Lindroos\"}]},{\"@type\":\"WebSite\",\"@id\":\"https:\\\/\\\/operapaskaret.se\\\/#website\",\"url\":\"https:\\\/\\\/operapaskaret.se\\\/\",\"name\":\"Opera p\u00e5 Sk\u00e4ret\",\"description\":\"The Opera Festival in the heart of Sweden\",\"publisher\":{\"@id\":\"https:\\\/\\\/operapaskaret.se\\\/#organization\"},\"potentialAction\":[{\"@type\":\"SearchAction\",\"target\":{\"@type\":\"EntryPoint\",\"urlTemplate\":\"https:\\\/\\\/operapaskaret.se\\\/?s={search_term_string}\"},\"query-input\":{\"@type\":\"PropertyValueSpecification\",\"valueRequired\":true,\"valueName\":\"search_term_string\"}}],\"inLanguage\":\"en-US\"},{\"@type\":\"Organization\",\"@id\":\"https:\\\/\\\/operapaskaret.se\\\/#organization\",\"name\":\"Opera p\u00e5 Sk\u00e4ret\",\"url\":\"https:\\\/\\\/operapaskaret.se\\\/\",\"logo\":{\"@type\":\"ImageObject\",\"inLanguage\":\"en-US\",\"@id\":\"https:\\\/\\\/operapaskaret.se\\\/#\\\/schema\\\/logo\\\/image\\\/\",\"url\":\"https:\\\/\\\/operapaskaret.se\\\/wp-content\\\/uploads\\\/2023\\\/01\\\/OPS_Logo_2023_b.svg\",\"contentUrl\":\"https:\\\/\\\/operapaskaret.se\\\/wp-content\\\/uploads\\\/2023\\\/01\\\/OPS_Logo_2023_b.svg\",\"width\":\"1024\",\"height\":\"1024\",\"caption\":\"Opera p\u00e5 Sk\u00e4ret\"},\"image\":{\"@id\":\"https:\\\/\\\/operapaskaret.se\\\/#\\\/schema\\\/logo\\\/image\\\/\"},\"sameAs\":[\"https:\\\/\\\/www.facebook.com\\\/operapaskaret\",\"https:\\\/\\\/www.instagram.com\\\/operapaskaret\\\/\"]},{\"@type\":\"Person\",\"@id\":\"https:\\\/\\\/operapaskaret.se\\\/#\\\/schema\\\/person\\\/46df93a698c191615cc71e5628a4bec9\",\"name\":\"operaGang\",\"image\":{\"@type\":\"ImageObject\",\"inLanguage\":\"en-US\",\"@id\":\"https:\\\/\\\/secure.gravatar.com\\\/avatar\\\/0eec541a1e59971d44afc570a3a05ae33aa358fd4f1b7842a639585644b96568?s=96&d=mm&r=g\",\"url\":\"https:\\\/\\\/secure.gravatar.com\\\/avatar\\\/0eec541a1e59971d44afc570a3a05ae33aa358fd4f1b7842a639585644b96568?s=96&d=mm&r=g\",\"contentUrl\":\"https:\\\/\\\/secure.gravatar.com\\\/avatar\\\/0eec541a1e59971d44afc570a3a05ae33aa358fd4f1b7842a639585644b96568?s=96&d=mm&r=g\",\"caption\":\"operaGang\"},\"sameAs\":[\"https:\\\/\\\/operapaskaret.se\"],\"url\":\"https:\\\/\\\/operapaskaret.se\\\/en\\\/author\\\/operagang\\\/\"}]}<\/script>\n<!-- \/ Yoast SEO plugin. -->","yoast_head_json":{"title":"Petri Lindroos - Opera p\u00e5 Sk\u00e4ret","robots":{"index":"index","follow":"follow","max-snippet":"max-snippet:-1","max-image-preview":"max-image-preview:large","max-video-preview":"max-video-preview:-1"},"canonical":"https:\/\/operapaskaret.se\/en\/petri-lindroos\/","og_locale":"en_US","og_type":"article","og_title":"Petri Lindroos - Opera p\u00e5 Sk\u00e4ret","og_description":"Finnish bass who, during his career, has sung roles such as Sarastro in Die Zauberfl\u00f6te, Osmin in Die Enf\u00fchrung aus dem Serail, Leporello in Don Giovanni, Gremin in Onegin, King Filip in Don Carlos, Fiesco in Simon Boccanegra, Zaccharia in Nabucco, Mefistoph\u00e9les in Faust, Mefistoph\u00e9les in La Damnation du Faust etc. Petri Lindroos has worked [&hellip;]","og_url":"https:\/\/operapaskaret.se\/en\/petri-lindroos\/","og_site_name":"Opera p\u00e5 Sk\u00e4ret","article_publisher":"https:\/\/www.facebook.com\/operapaskaret","article_published_time":"2024-05-14T11:14:35+00:00","article_modified_time":"2024-07-24T14:00:52+00:00","author":"operaGang","twitter_card":"summary_large_image","twitter_misc":{"Written by":"operaGang","Est. reading time":"1 minute"},"schema":{"@context":"https:\/\/schema.org","@graph":[{"@type":"Article","@id":"https:\/\/operapaskaret.se\/en\/petri-lindroos\/#article","isPartOf":{"@id":"https:\/\/operapaskaret.se\/en\/petri-lindroos\/"},"author":{"name":"operaGang","@id":"https:\/\/operapaskaret.se\/#\/schema\/person\/46df93a698c191615cc71e5628a4bec9"},"headline":"Petri Lindroos","datePublished":"2024-05-14T11:14:35+00:00","dateModified":"2024-07-24T14:00:52+00:00","mainEntityOfPage":{"@id":"https:\/\/operapaskaret.se\/en\/petri-lindroos\/"},"wordCount":362,"commentCount":0,"publisher":{"@id":"https:\/\/operapaskaret.se\/#organization"},"articleSection":["Solister"],"inLanguage":"en-US","potentialAction":[{"@type":"CommentAction","name":"Comment","target":["https:\/\/operapaskaret.se\/en\/petri-lindroos\/#respond"]}]},{"@type":"WebPage","@id":"https:\/\/operapaskaret.se\/en\/petri-lindroos\/","url":"https:\/\/operapaskaret.se\/en\/petri-lindroos\/","name":"Petri Lindroos - Opera p\u00e5 Sk\u00e4ret","isPartOf":{"@id":"https:\/\/operapaskaret.se\/#website"},"datePublished":"2024-05-14T11:14:35+00:00","dateModified":"2024-07-24T14:00:52+00:00","breadcrumb":{"@id":"https:\/\/operapaskaret.se\/en\/petri-lindroos\/#breadcrumb"},"inLanguage":"en-US","potentialAction":[{"@type":"ReadAction","target":["https:\/\/operapaskaret.se\/en\/petri-lindroos\/"]}]},{"@type":"BreadcrumbList","@id":"https:\/\/operapaskaret.se\/en\/petri-lindroos\/#breadcrumb","itemListElement":[{"@type":"ListItem","position":1,"name":"Hem","item":"https:\/\/operapaskaret.se\/en\/"},{"@type":"ListItem","position":2,"name":"Petri Lindroos"}]},{"@type":"WebSite","@id":"https:\/\/operapaskaret.se\/#website","url":"https:\/\/operapaskaret.se\/","name":"Opera p\u00e5 Sk\u00e4ret","description":"The Opera Festival in the heart of Sweden","publisher":{"@id":"https:\/\/operapaskaret.se\/#organization"},"potentialAction":[{"@type":"SearchAction","target":{"@type":"EntryPoint","urlTemplate":"https:\/\/operapaskaret.se\/?s={search_term_string}"},"query-input":{"@type":"PropertyValueSpecification","valueRequired":true,"valueName":"search_term_string"}}],"inLanguage":"en-US"},{"@type":"Organization","@id":"https:\/\/operapaskaret.se\/#organization","name":"Opera p\u00e5 Sk\u00e4ret","url":"https:\/\/operapaskaret.se\/","logo":{"@type":"ImageObject","inLanguage":"en-US","@id":"https:\/\/operapaskaret.se\/#\/schema\/logo\/image\/","url":"https:\/\/operapaskaret.se\/wp-content\/uploads\/2023\/01\/OPS_Logo_2023_b.svg","contentUrl":"https:\/\/operapaskaret.se\/wp-content\/uploads\/2023\/01\/OPS_Logo_2023_b.svg","width":"1024","height":"1024","caption":"Opera p\u00e5 Sk\u00e4ret"},"image":{"@id":"https:\/\/operapaskaret.se\/#\/schema\/logo\/image\/"},"sameAs":["https:\/\/www.facebook.com\/operapaskaret","https:\/\/www.instagram.com\/operapaskaret\/"]},{"@type":"Person","@id":"https:\/\/operapaskaret.se\/#\/schema\/person\/46df93a698c191615cc71e5628a4bec9","name":"operaGang","image":{"@type":"ImageObject","inLanguage":"en-US","@id":"https:\/\/secure.gravatar.com\/avatar\/0eec541a1e59971d44afc570a3a05ae33aa358fd4f1b7842a639585644b96568?s=96&d=mm&r=g","url":"https:\/\/secure.gravatar.com\/avatar\/0eec541a1e59971d44afc570a3a05ae33aa358fd4f1b7842a639585644b96568?s=96&d=mm&r=g","contentUrl":"https:\/\/secure.gravatar.com\/avatar\/0eec541a1e59971d44afc570a3a05ae33aa358fd4f1b7842a639585644b96568?s=96&d=mm&r=g","caption":"operaGang"},"sameAs":["https:\/\/operapaskaret.se"],"url":"https:\/\/operapaskaret.se\/en\/author\/operagang\/"}]}},"_links":{"self":[{"href":"https:\/\/operapaskaret.se\/en\/wp-json\/wp\/v2\/posts\/6689","targetHints":{"allow":["GET"]}}],"collection":[{"href":"https:\/\/operapaskaret.se\/en\/wp-json\/wp\/v2\/posts"}],"about":[{"href":"https:\/\/operapaskaret.se\/en\/wp-json\/wp\/v2\/types\/post"}],"author":[{"embeddable":true,"href":"https:\/\/operapaskaret.se\/en\/wp-json\/wp\/v2\/users\/1"}],"replies":[{"embeddable":true,"href":"https:\/\/operapaskaret.se\/en\/wp-json\/wp\/v2\/comments?post=6689"}],"version-history":[{"count":13,"href":"https:\/\/operapaskaret.se\/en\/wp-json\/wp\/v2\/posts\/6689\/revisions"}],"predecessor-version":[{"id":7773,"href":"https:\/\/operapaskaret.se\/en\/wp-json\/wp\/v2\/posts\/6689\/revisions\/7773"}],"wp:attachment":[{"href":"https:\/\/operapaskaret.se\/en\/wp-json\/wp\/v2\/media?parent=6689"}],"wp:term":[{"taxonomy":"category","embeddable":true,"href":"https:\/\/operapaskaret.se\/en\/wp-json\/wp\/v2\/categories?post=6689"},{"taxonomy":"post_tag","embeddable":true,"href":"https:\/\/operapaskaret.se\/en\/wp-json\/wp\/v2\/tags?post=6689"}],"curies":[{"name":"wp","href":"https:\/\/api.w.org\/{rel}","templated":true}]}}