{"id":7027,"date":"2024-05-14T10:19:07","date_gmt":"2024-05-14T08:19:07","guid":{"rendered":"https:\/\/operapaskaret.se\/tina-akkaya\/"},"modified":"2026-03-02T23:22:17","modified_gmt":"2026-03-02T21:22:17","slug":"tina-akkaya","status":"publish","type":"post","link":"https:\/\/operapaskaret.se\/en\/tina-akkaya\/","title":{"rendered":"Tina carina Akkaya"},"content":{"rendered":"<p>[et_pb_section fb_built=&#8221;1&#8243; _builder_version=&#8221;4.19.0&#8243; _module_preset=&#8221;default&#8221; custom_padding=&#8221;0px||2px|||&#8221; global_colors_info=&#8221;{}&#8221;][et_pb_row column_structure=&#8221;1_2,1_2&#8243; _builder_version=&#8221;4.19.2&#8243; _module_preset=&#8221;default&#8221; custom_css_main_element=&#8221;display: flex;||flex-wrap: wrap;&#8221; locked=&#8221;off&#8221; global_colors_info=&#8221;{}&#8221;][et_pb_column type=&#8221;1_2&#8243; _builder_version=&#8221;4.19.2&#8243; _module_preset=&#8221;default&#8221; global_colors_info=&#8221;{}&#8221; custom_css_main_element_last_edited=&#8221;on|phone&#8221; custom_css_main_element_phone=&#8221;order: 2;&#8221;][et_pb_text _builder_version=&#8221;4.25.1&#8243; _dynamic_attributes=&#8221;content&#8221; _module_preset=&#8221;default&#8221; text_font=&#8221;Bebas Neue|||on|||||&#8221; text_font_size=&#8221;50px&#8221; locked=&#8221;off&#8221; global_colors_info=&#8221;{}&#8221;]@ET-DC@eyJkeW5hbWljIjp0cnVlLCJjb250ZW50IjoicG9zdF90aXRsZSIsInNldHRpbmdzIjp7ImJlZm9yZSI6IiIsImFmdGVyIjoiIn19@[\/et_pb_text][et_pb_text _builder_version=&#8221;4.25.1&#8243; _module_preset=&#8221;default&#8221; custom_padding=&#8221;||0px|||&#8221; global_colors_info=&#8221;{}&#8221;]<\/p>\n<p>Tina Carina Akkaya \u00e4r kostymdesigner p\u00e5 Opera p\u00e5 Sk\u00e4ret. Under flera \u00e5r har hon arbetat som atelj\u00e9ansvarig p\u00e5 Opera p\u00e5 Sk\u00e4ret och sytt upp kostymerna till Turandot, Maskeradbalen och Rigoletto. Hon b\u00f6rjade sin bana som designer p\u00e5 bekl\u00e4dnadsteknisk linje i G\u00f6teborg och har d\u00e4refter frilansat i en m\u00e4ngd olika sammanhang. Under m\u00e5nga \u00e5r har hon bland annat designat och sytt upp dragshow-kostymer f\u00f6r Bobbie Kents Play Girls i Turkiet.<\/p>\n<div dir=\"auto\"><\/div>\n<p>[\/et_pb_text][\/et_pb_column][et_pb_column type=&#8221;1_2&#8243; _builder_version=&#8221;4.19.2&#8243; _module_preset=&#8221;default&#8221; global_colors_info=&#8221;{}&#8221; custom_css_main_element_last_edited=&#8221;on|phone&#8221; custom_css_main_element_phone=&#8221;order: 1;&#8221;][et_pb_image src=&#8221;https:\/\/operapaskaret.se\/wp-content\/uploads\/2024\/07\/\u00a9photographer_andreas-hylthen-6041.jpg&#8221; title_text=&#8221;\u00a9photographer_andreas hylthen-6041&#8243; _builder_version=&#8221;4.26.0&#8243; _module_preset=&#8221;default&#8221; global_colors_info=&#8221;{}&#8221;][\/et_pb_image][\/et_pb_column][\/et_pb_row][\/et_pb_section]<\/p>\n","protected":false},"excerpt":{"rendered":"<p>Tina Carina Akkaya \u00e4r kostymdesigner p\u00e5 Opera p\u00e5 Sk\u00e4ret. Under flera \u00e5r har hon arbetat som atelj\u00e9ansvarig p\u00e5 Opera p\u00e5 Sk\u00e4ret och sytt upp kostymerna till Turandot, Maskeradbalen och Rigoletto. Hon b\u00f6rjade sin bana som designer p\u00e5 bekl\u00e4dnadsteknisk linje i G\u00f6teborg och har d\u00e4refter frilansat i en m\u00e4ngd olika sammanhang. Under m\u00e5nga \u00e5r har hon [&hellip;]<\/p>\n","protected":false},"author":1,"featured_media":0,"comment_status":"closed","ping_status":"closed","sticky":false,"template":"","format":"standard","meta":{"_et_pb_use_builder":"on","_et_pb_old_content":"","_et_gb_content_width":"2880","inline_featured_image":false,"footnotes":""},"categories":[39],"tags":[],"class_list":["post-7027","post","type-post","status-publish","format-standard","hentry","category-produktionsteam-en"],"yoast_head":"<!-- This site is optimized with the Yoast SEO plugin v27.5 - https:\/\/yoast.com\/product\/yoast-seo-wordpress\/ -->\n<title>Tina carina Akkaya - Opera p\u00e5 Sk\u00e4ret<\/title>\n<meta name=\"robots\" content=\"index, follow, max-snippet:-1, max-image-preview:large, max-video-preview:-1\" \/>\n<link rel=\"canonical\" href=\"https:\/\/operapaskaret.se\/tina-akkaya\/\" \/>\n<meta property=\"og:locale\" content=\"en_US\" \/>\n<meta property=\"og:type\" content=\"article\" \/>\n<meta property=\"og:title\" content=\"Tina carina Akkaya - Opera p\u00e5 Sk\u00e4ret\" \/>\n<meta property=\"og:description\" content=\"Tina Carina Akkaya \u00e4r kostymdesigner p\u00e5 Opera p\u00e5 Sk\u00e4ret. Under flera \u00e5r har hon arbetat som atelj\u00e9ansvarig p\u00e5 Opera p\u00e5 Sk\u00e4ret och sytt upp kostymerna till Turandot, Maskeradbalen och Rigoletto. Hon b\u00f6rjade sin bana som designer p\u00e5 bekl\u00e4dnadsteknisk linje i G\u00f6teborg och har d\u00e4refter frilansat i en m\u00e4ngd olika sammanhang. Under m\u00e5nga \u00e5r har hon [&hellip;]\" \/>\n<meta property=\"og:url\" content=\"https:\/\/operapaskaret.se\/tina-akkaya\/\" \/>\n<meta property=\"og:site_name\" content=\"Opera p\u00e5 Sk\u00e4ret\" \/>\n<meta property=\"article:publisher\" content=\"https:\/\/www.facebook.com\/operapaskaret\" \/>\n<meta property=\"article:published_time\" content=\"2024-05-14T08:19:07+00:00\" \/>\n<meta property=\"article:modified_time\" content=\"2026-03-02T21:22:17+00:00\" \/>\n<meta name=\"author\" content=\"operaGang\" \/>\n<meta name=\"twitter:card\" content=\"summary_large_image\" \/>\n<meta name=\"twitter:label1\" content=\"Written by\" \/>\n\t<meta name=\"twitter:data1\" content=\"operaGang\" \/>\n\t<meta name=\"twitter:label2\" content=\"Est. reading time\" \/>\n\t<meta name=\"twitter:data2\" content=\"1 minute\" \/>\n<script type=\"application\/ld+json\" class=\"yoast-schema-graph\">{\"@context\":\"https:\\\/\\\/schema.org\",\"@graph\":[{\"@type\":\"Article\",\"@id\":\"https:\\\/\\\/operapaskaret.se\\\/tina-akkaya\\\/#article\",\"isPartOf\":{\"@id\":\"https:\\\/\\\/operapaskaret.se\\\/tina-akkaya\\\/\"},\"author\":{\"name\":\"operaGang\",\"@id\":\"https:\\\/\\\/operapaskaret.se\\\/#\\\/schema\\\/person\\\/46df93a698c191615cc71e5628a4bec9\"},\"headline\":\"Tina carina Akkaya\",\"datePublished\":\"2024-05-14T08:19:07+00:00\",\"dateModified\":\"2026-03-02T21:22:17+00:00\",\"mainEntityOfPage\":{\"@id\":\"https:\\\/\\\/operapaskaret.se\\\/tina-akkaya\\\/\"},\"wordCount\":270,\"publisher\":{\"@id\":\"https:\\\/\\\/operapaskaret.se\\\/#organization\"},\"articleSection\":[\"Produktionsteam\"],\"inLanguage\":\"en-US\"},{\"@type\":\"WebPage\",\"@id\":\"https:\\\/\\\/operapaskaret.se\\\/tina-akkaya\\\/\",\"url\":\"https:\\\/\\\/operapaskaret.se\\\/tina-akkaya\\\/\",\"name\":\"Tina carina Akkaya - Opera p\u00e5 Sk\u00e4ret\",\"isPartOf\":{\"@id\":\"https:\\\/\\\/operapaskaret.se\\\/#website\"},\"datePublished\":\"2024-05-14T08:19:07+00:00\",\"dateModified\":\"2026-03-02T21:22:17+00:00\",\"breadcrumb\":{\"@id\":\"https:\\\/\\\/operapaskaret.se\\\/tina-akkaya\\\/#breadcrumb\"},\"inLanguage\":\"en-US\",\"potentialAction\":[{\"@type\":\"ReadAction\",\"target\":[\"https:\\\/\\\/operapaskaret.se\\\/tina-akkaya\\\/\"]}]},{\"@type\":\"BreadcrumbList\",\"@id\":\"https:\\\/\\\/operapaskaret.se\\\/tina-akkaya\\\/#breadcrumb\",\"itemListElement\":[{\"@type\":\"ListItem\",\"position\":1,\"name\":\"Hem\",\"item\":\"https:\\\/\\\/operapaskaret.se\\\/en\\\/\"},{\"@type\":\"ListItem\",\"position\":2,\"name\":\"Tina carina Akkaya\"}]},{\"@type\":\"WebSite\",\"@id\":\"https:\\\/\\\/operapaskaret.se\\\/#website\",\"url\":\"https:\\\/\\\/operapaskaret.se\\\/\",\"name\":\"Opera p\u00e5 Sk\u00e4ret\",\"description\":\"The Opera Festival in the heart of Sweden\",\"publisher\":{\"@id\":\"https:\\\/\\\/operapaskaret.se\\\/#organization\"},\"potentialAction\":[{\"@type\":\"SearchAction\",\"target\":{\"@type\":\"EntryPoint\",\"urlTemplate\":\"https:\\\/\\\/operapaskaret.se\\\/?s={search_term_string}\"},\"query-input\":{\"@type\":\"PropertyValueSpecification\",\"valueRequired\":true,\"valueName\":\"search_term_string\"}}],\"inLanguage\":\"en-US\"},{\"@type\":\"Organization\",\"@id\":\"https:\\\/\\\/operapaskaret.se\\\/#organization\",\"name\":\"Opera p\u00e5 Sk\u00e4ret\",\"url\":\"https:\\\/\\\/operapaskaret.se\\\/\",\"logo\":{\"@type\":\"ImageObject\",\"inLanguage\":\"en-US\",\"@id\":\"https:\\\/\\\/operapaskaret.se\\\/#\\\/schema\\\/logo\\\/image\\\/\",\"url\":\"https:\\\/\\\/operapaskaret.se\\\/wp-content\\\/uploads\\\/2023\\\/01\\\/OPS_Logo_2023_b.svg\",\"contentUrl\":\"https:\\\/\\\/operapaskaret.se\\\/wp-content\\\/uploads\\\/2023\\\/01\\\/OPS_Logo_2023_b.svg\",\"width\":\"1024\",\"height\":\"1024\",\"caption\":\"Opera p\u00e5 Sk\u00e4ret\"},\"image\":{\"@id\":\"https:\\\/\\\/operapaskaret.se\\\/#\\\/schema\\\/logo\\\/image\\\/\"},\"sameAs\":[\"https:\\\/\\\/www.facebook.com\\\/operapaskaret\",\"https:\\\/\\\/www.instagram.com\\\/operapaskaret\\\/\"]},{\"@type\":\"Person\",\"@id\":\"https:\\\/\\\/operapaskaret.se\\\/#\\\/schema\\\/person\\\/46df93a698c191615cc71e5628a4bec9\",\"name\":\"operaGang\",\"image\":{\"@type\":\"ImageObject\",\"inLanguage\":\"en-US\",\"@id\":\"https:\\\/\\\/secure.gravatar.com\\\/avatar\\\/0eec541a1e59971d44afc570a3a05ae33aa358fd4f1b7842a639585644b96568?s=96&d=mm&r=g\",\"url\":\"https:\\\/\\\/secure.gravatar.com\\\/avatar\\\/0eec541a1e59971d44afc570a3a05ae33aa358fd4f1b7842a639585644b96568?s=96&d=mm&r=g\",\"contentUrl\":\"https:\\\/\\\/secure.gravatar.com\\\/avatar\\\/0eec541a1e59971d44afc570a3a05ae33aa358fd4f1b7842a639585644b96568?s=96&d=mm&r=g\",\"caption\":\"operaGang\"},\"sameAs\":[\"https:\\\/\\\/operapaskaret.se\"],\"url\":\"https:\\\/\\\/operapaskaret.se\\\/en\\\/author\\\/operagang\\\/\"}]}<\/script>\n<!-- \/ Yoast SEO plugin. -->","yoast_head_json":{"title":"Tina carina Akkaya - Opera p\u00e5 Sk\u00e4ret","robots":{"index":"index","follow":"follow","max-snippet":"max-snippet:-1","max-image-preview":"max-image-preview:large","max-video-preview":"max-video-preview:-1"},"canonical":"https:\/\/operapaskaret.se\/tina-akkaya\/","og_locale":"en_US","og_type":"article","og_title":"Tina carina Akkaya - Opera p\u00e5 Sk\u00e4ret","og_description":"Tina Carina Akkaya \u00e4r kostymdesigner p\u00e5 Opera p\u00e5 Sk\u00e4ret. Under flera \u00e5r har hon arbetat som atelj\u00e9ansvarig p\u00e5 Opera p\u00e5 Sk\u00e4ret och sytt upp kostymerna till Turandot, Maskeradbalen och Rigoletto. Hon b\u00f6rjade sin bana som designer p\u00e5 bekl\u00e4dnadsteknisk linje i G\u00f6teborg och har d\u00e4refter frilansat i en m\u00e4ngd olika sammanhang. Under m\u00e5nga \u00e5r har hon [&hellip;]","og_url":"https:\/\/operapaskaret.se\/tina-akkaya\/","og_site_name":"Opera p\u00e5 Sk\u00e4ret","article_publisher":"https:\/\/www.facebook.com\/operapaskaret","article_published_time":"2024-05-14T08:19:07+00:00","article_modified_time":"2026-03-02T21:22:17+00:00","author":"operaGang","twitter_card":"summary_large_image","twitter_misc":{"Written by":"operaGang","Est. reading time":"1 minute"},"schema":{"@context":"https:\/\/schema.org","@graph":[{"@type":"Article","@id":"https:\/\/operapaskaret.se\/tina-akkaya\/#article","isPartOf":{"@id":"https:\/\/operapaskaret.se\/tina-akkaya\/"},"author":{"name":"operaGang","@id":"https:\/\/operapaskaret.se\/#\/schema\/person\/46df93a698c191615cc71e5628a4bec9"},"headline":"Tina carina Akkaya","datePublished":"2024-05-14T08:19:07+00:00","dateModified":"2026-03-02T21:22:17+00:00","mainEntityOfPage":{"@id":"https:\/\/operapaskaret.se\/tina-akkaya\/"},"wordCount":270,"publisher":{"@id":"https:\/\/operapaskaret.se\/#organization"},"articleSection":["Produktionsteam"],"inLanguage":"en-US"},{"@type":"WebPage","@id":"https:\/\/operapaskaret.se\/tina-akkaya\/","url":"https:\/\/operapaskaret.se\/tina-akkaya\/","name":"Tina carina Akkaya - Opera p\u00e5 Sk\u00e4ret","isPartOf":{"@id":"https:\/\/operapaskaret.se\/#website"},"datePublished":"2024-05-14T08:19:07+00:00","dateModified":"2026-03-02T21:22:17+00:00","breadcrumb":{"@id":"https:\/\/operapaskaret.se\/tina-akkaya\/#breadcrumb"},"inLanguage":"en-US","potentialAction":[{"@type":"ReadAction","target":["https:\/\/operapaskaret.se\/tina-akkaya\/"]}]},{"@type":"BreadcrumbList","@id":"https:\/\/operapaskaret.se\/tina-akkaya\/#breadcrumb","itemListElement":[{"@type":"ListItem","position":1,"name":"Hem","item":"https:\/\/operapaskaret.se\/en\/"},{"@type":"ListItem","position":2,"name":"Tina carina Akkaya"}]},{"@type":"WebSite","@id":"https:\/\/operapaskaret.se\/#website","url":"https:\/\/operapaskaret.se\/","name":"Opera p\u00e5 Sk\u00e4ret","description":"The Opera Festival in the heart of Sweden","publisher":{"@id":"https:\/\/operapaskaret.se\/#organization"},"potentialAction":[{"@type":"SearchAction","target":{"@type":"EntryPoint","urlTemplate":"https:\/\/operapaskaret.se\/?s={search_term_string}"},"query-input":{"@type":"PropertyValueSpecification","valueRequired":true,"valueName":"search_term_string"}}],"inLanguage":"en-US"},{"@type":"Organization","@id":"https:\/\/operapaskaret.se\/#organization","name":"Opera p\u00e5 Sk\u00e4ret","url":"https:\/\/operapaskaret.se\/","logo":{"@type":"ImageObject","inLanguage":"en-US","@id":"https:\/\/operapaskaret.se\/#\/schema\/logo\/image\/","url":"https:\/\/operapaskaret.se\/wp-content\/uploads\/2023\/01\/OPS_Logo_2023_b.svg","contentUrl":"https:\/\/operapaskaret.se\/wp-content\/uploads\/2023\/01\/OPS_Logo_2023_b.svg","width":"1024","height":"1024","caption":"Opera p\u00e5 Sk\u00e4ret"},"image":{"@id":"https:\/\/operapaskaret.se\/#\/schema\/logo\/image\/"},"sameAs":["https:\/\/www.facebook.com\/operapaskaret","https:\/\/www.instagram.com\/operapaskaret\/"]},{"@type":"Person","@id":"https:\/\/operapaskaret.se\/#\/schema\/person\/46df93a698c191615cc71e5628a4bec9","name":"operaGang","image":{"@type":"ImageObject","inLanguage":"en-US","@id":"https:\/\/secure.gravatar.com\/avatar\/0eec541a1e59971d44afc570a3a05ae33aa358fd4f1b7842a639585644b96568?s=96&d=mm&r=g","url":"https:\/\/secure.gravatar.com\/avatar\/0eec541a1e59971d44afc570a3a05ae33aa358fd4f1b7842a639585644b96568?s=96&d=mm&r=g","contentUrl":"https:\/\/secure.gravatar.com\/avatar\/0eec541a1e59971d44afc570a3a05ae33aa358fd4f1b7842a639585644b96568?s=96&d=mm&r=g","caption":"operaGang"},"sameAs":["https:\/\/operapaskaret.se"],"url":"https:\/\/operapaskaret.se\/en\/author\/operagang\/"}]}},"_links":{"self":[{"href":"https:\/\/operapaskaret.se\/en\/wp-json\/wp\/v2\/posts\/7027","targetHints":{"allow":["GET"]}}],"collection":[{"href":"https:\/\/operapaskaret.se\/en\/wp-json\/wp\/v2\/posts"}],"about":[{"href":"https:\/\/operapaskaret.se\/en\/wp-json\/wp\/v2\/types\/post"}],"author":[{"embeddable":true,"href":"https:\/\/operapaskaret.se\/en\/wp-json\/wp\/v2\/users\/1"}],"replies":[{"embeddable":true,"href":"https:\/\/operapaskaret.se\/en\/wp-json\/wp\/v2\/comments?post=7027"}],"version-history":[{"count":15,"href":"https:\/\/operapaskaret.se\/en\/wp-json\/wp\/v2\/posts\/7027\/revisions"}],"predecessor-version":[{"id":11736,"href":"https:\/\/operapaskaret.se\/en\/wp-json\/wp\/v2\/posts\/7027\/revisions\/11736"}],"wp:attachment":[{"href":"https:\/\/operapaskaret.se\/en\/wp-json\/wp\/v2\/media?parent=7027"}],"wp:term":[{"taxonomy":"category","embeddable":true,"href":"https:\/\/operapaskaret.se\/en\/wp-json\/wp\/v2\/categories?post=7027"},{"taxonomy":"post_tag","embeddable":true,"href":"https:\/\/operapaskaret.se\/en\/wp-json\/wp\/v2\/tags?post=7027"}],"curies":[{"name":"wp","href":"https:\/\/api.w.org\/{rel}","templated":true}]}}