{"id":9198,"date":"2025-02-07T17:15:00","date_gmt":"2025-02-07T16:15:00","guid":{"rendered":"https:\/\/operapaskaret.se\/?p=9198"},"modified":"2025-02-05T16:41:07","modified_gmt":"2025-02-05T15:41:07","slug":"lev-pugliese-directs-opera-pa-skarets-production-of-turandot","status":"publish","type":"post","link":"https:\/\/operapaskaret.se\/en\/lev-pugliese-directs-opera-pa-skarets-production-of-turandot\/","title":{"rendered":"Lev Pugliese directs Opera p\u00e5 Sk\u00e4ret\u2019s production of\u00a0Turandot"},"content":{"rendered":"<p>[et_pb_section fb_built=&#8221;1&#8243; _builder_version=&#8221;4.27.4&#8243; _module_preset=&#8221;default&#8221; global_colors_info=&#8221;{}&#8221;][et_pb_row _builder_version=&#8221;4.27.4&#8243; _module_preset=&#8221;default&#8221; global_colors_info=&#8221;{}&#8221;][et_pb_column type=&#8221;4_4&#8243; _builder_version=&#8221;4.27.4&#8243; _module_preset=&#8221;default&#8221; global_colors_info=&#8221;{}&#8221;][et_pb_image src=&#8221;https:\/\/operapaskaret.se\/wp-content\/uploads\/2025\/02\/Lev-Pugliese_1.jpeg&#8221; title_text=&#8221;Lev Pugliese_1&#8243; _builder_version=&#8221;4.27.4&#8243; _module_preset=&#8221;default&#8221; global_colors_info=&#8221;{}&#8221;][\/et_pb_image][\/et_pb_column][\/et_pb_row][\/et_pb_section][et_pb_section fb_built=&#8221;1&#8243; _builder_version=&#8221;4.27.4&#8243; _module_preset=&#8221;default&#8221; global_colors_info=&#8221;{}&#8221;][et_pb_row _builder_version=&#8221;4.27.4&#8243; _module_preset=&#8221;default&#8221; global_colors_info=&#8221;{}&#8221;][et_pb_column type=&#8221;4_4&#8243; _builder_version=&#8221;4.27.4&#8243; _module_preset=&#8221;default&#8221; global_colors_info=&#8221;{}&#8221;][et_pb_text _builder_version=&#8221;4.27.4&#8243; _module_preset=&#8221;default&#8221; global_colors_info=&#8221;{}&#8221;]<\/p>\n<div>\n<p class=\"CorpoA\"><span lang=\"EN-US\">Lev Pugliese is an internationally active director with roots in Italy and a background in classical music and opera from an early age. He has previously directed <\/span><i><span lang=\"EN-US\">Turandot<\/span><\/i><span lang=\"EN-US\">\u00a0in both Italy and China. This summer, he makes his debut at Opera p\u00e5 Sk\u00e4ret. Here, he shares what draws him to Sk\u00e4ret, his perspective on\u00a0<\/span><i><span lang=\"EN-US\">Turandot<\/span><\/i><span lang=\"EN-US\">, and his creative process.<\/span><\/p>\n<p>&nbsp;<\/p>\n<\/div>\n<div>\n<p class=\"CorpoA\"><b><span lang=\"EN-US\">This is your first time at Sk\u00e4ret. What attracts you to work at Opera p\u00e5 Sk\u00e4ret?- \u00a0&#8211; <\/span><\/b>Several things! Over the years, I\u2019ve met many singers who have performed at Opera p\u00e5 Sk\u00e4ret, and they\u2019ve spoken very highly of their experiences. When I met Alexander Niclasson (Artistic Director at Opera p\u00e5 Sk\u00e4ret), I felt that we clicked. Both of us grew up in families with strong connections to opera, and like Alexander, I have worked closely with my father in opera contexts.\u00a0<\/p>\n<\/div>\n<div>\n<p class=\"CorpoA\"><span lang=\"EN-US\">I\u2019ve also come to understand that Opera p\u00e5 Sk\u00e4ret fosters a familial atmosphere, the kind that arises when everyone lives and works together in the same place for a while with the goal of creating something together. In such an environment, dialogue between all participants becomes natural and obvious, which ultimately contributes to the authenticity of what we create.<\/span><\/p>\n<p>&nbsp;<\/p>\n<\/div>\n<div>\n<p class=\"CorpoA\"><b><span lang=\"EN-US\">You\u2019ve directed\u00a0<\/span><\/b><b><i><span lang=\"EN-US\">Turandot<\/span><\/i><\/b><b><span lang=\"EN-US\">\u00a0before\u2014tell us about that!<br \/><\/span><\/b><span lang=\"EN-US\">&#8211; Yes, three times, actually &#8211; twice in Italy and once in China. The production in China was particularly special because that\u2019s where <\/span><i><span lang=\"EN-US\">Turandot<\/span><\/i><span lang=\"EN-US\">\u00a0is set. It was a unique challenge for me as a foreign director to create a production that the Chinese themselves would appreciate and find relevant.<\/span><\/p>\n<p>&nbsp;<\/p>\n<\/div>\n<div>\n<p class=\"CorpoA\"><b><span lang=\"EN-US\">What do you see as the opera\u2019s central themes and messages?<br \/><\/span><\/b><span lang=\"EN-US\">&#8211; The central themes of <\/span><i><span lang=\"EN-US\">Turandot <\/span><\/i><span lang=\"EN-US\">revolve around love as a transformative force. Puccini envisioned the opera culminating in an explosion of love, where Turandot\u2019s icy, unyielding nature is shattered by a kiss &#8211; an awakening that allows her to feel and express herself for the first time. However, he struggled to make this transformation believable within the opera\u2019s brief final scene.<\/span><\/p>\n<p>&nbsp;<\/p>\n<\/div>\n<div>\n<p class=\"Didefault\"><span lang=\"EN-US\">Viewed through a psychological lens, Turandot\u2019s coldness and cruelty are defensive mechanisms, shaped by unresolved fear and inherited trauma, as revealed in the aria &#8220;In questa reggia&#8221;. Her decree to execute failed suitors is not just an assertion of power, but a symbolic barrier against intimacy, protecting<\/span><span lang=\"EN-US\"> <\/span><span lang=\"EN-US\">her from reliving <\/span><span lang=\"EN-US\">the historical violation<\/span><span lang=\"EN-US\"> she associates with love.<\/span><\/p>\n<p><span lang=\"EN-US\"><o:p><\/o:p><\/span><\/p>\n<\/div>\n<div>\n<p class=\"Didefault\"><span lang=\"EN-US\">Calaf\u2019s persistence, culminating in his act of radical vulnerability &#8211; offering his name freely, provides a corrective experience that breaks the cycle of fear-based control. Instead of conquering her through force, he presents love as a choice, mirroring the resolution phase in trauma therapy, where past wounds are integrated rather than repressed.<\/span><\/p>\n<p><span lang=\"EN-US\"><o:p><\/o:p><\/span><\/p>\n<\/div>\n<div>\n<p class=\"Didefault\"><span lang=\"EN-US\">By accepting love, Turandot dismantles her psychological armour, allowing her true self to emerge. Her final declaration, naming Calaf as &#8220;Amor,&#8221; signifies not just romantic surrender but a profound reintegration of identity &#8211; a release from the past and a newfound freedom to embrace her authentic self<\/span><span lang=\"EN-US\">.<\/span><\/p>\n<p><span lang=\"EN-US\"><o:p><\/o:p><\/span><\/p>\n<\/div>\n<div>\n<p class=\"CorpoA\"><b><span lang=\"EN-US\">How do you balance staying true to the original work while making it relevant to today\u2019s audience?<br \/><\/span><\/b><span lang=\"EN-US\">&#8211; The story I hear when I listen to the music, read the score, and watch other productions of <\/span><i><span lang=\"EN-US\">Turandot<\/span><\/i><span lang=\"EN-US\">\u00a0is my interpretation, and I am someone who lives in today\u2019s society. I trust that interpretive process and feel no need to contrive anything. There are directors who, in an effort to create something they consider relevant, produce something that ends up being entirely different from the original work. Honestly, I don\u2019t really see the point of that and sometimes feel they might be better off creating their own opera.<\/span><\/p>\n<p>&nbsp;<\/p>\n<\/div>\n<div>\n<p class=\"CorpoA\"><b><span lang=\"EN-US\">How do you prepare for a new project? What does your creative process look like?<br \/><\/span><\/b><span lang=\"EN-US\">&#8211; I always start with the music. I listen to it and read the score. Sometimes, I watch previous productions. I also research the time period in which the opera is set. During this preparation, images begin to form in my mind. I love that part of the process, seeing everything like a film. <\/p>\n<p>Eventually, I move into the phase where the \u201cfilm\u201d in my head becomes a reality. That part is, naturally, more challenging. Reality brings limitations that can affect the vision, but that doesn\u2019t mean the result is of a lower quality\u2014just different<\/span><span lang=\"EN-US\"> because working together with <\/span><span lang=\"EN-US\">everyone involved <\/span><span lang=\"EN-US\">brings contributions that I consider <\/span><span lang=\"EN-US\">add value.<\/span><\/p>\n<\/div>\n<div>\n<p class=\"CorpoA\"><span lang=\"EN-US\"><br \/>In the end, the goal is for the audience to be emotionally moved above all else. Reflections and rational thoughts can come later\u2014perhaps on their way home.<\/span><\/p>\n<\/div>\n<p>[\/et_pb_text][\/et_pb_column][\/et_pb_row][\/et_pb_section]<\/p>\n","protected":false},"excerpt":{"rendered":"<p>Lev Pugliese is an internationally active director with roots in Italy and a background in classical music and opera from an early age. He has previously directed Turandot\u00a0in both Italy and China. This summer, he makes his debut at Opera p\u00e5 Sk\u00e4ret. Here, he shares what draws him to Sk\u00e4ret, his perspective on\u00a0Turandot, and his [&hellip;]<\/p>\n","protected":false},"author":7,"featured_media":9190,"comment_status":"closed","ping_status":"closed","sticky":false,"template":"","format":"standard","meta":{"_et_pb_use_builder":"on","_et_pb_old_content":"","_et_gb_content_width":"","inline_featured_image":false,"footnotes":""},"categories":[35,40,1],"tags":[],"class_list":["post-9198","post","type-post","status-publish","format-standard","has-post-thumbnail","hentry","category-news","category-nyheter-en","category-okategoriserad"],"yoast_head":"<!-- This site is optimized with the Yoast SEO plugin v27.5 - https:\/\/yoast.com\/product\/yoast-seo-wordpress\/ -->\n<title>Lev Pugliese directs Opera p\u00e5 Sk\u00e4ret\u2019s production of\u00a0Turandot - Opera p\u00e5 Sk\u00e4ret<\/title>\n<meta name=\"robots\" content=\"index, follow, max-snippet:-1, max-image-preview:large, max-video-preview:-1\" \/>\n<link rel=\"canonical\" href=\"https:\/\/operapaskaret.se\/?p=9188\" \/>\n<meta property=\"og:locale\" content=\"en_US\" \/>\n<meta property=\"og:type\" content=\"article\" \/>\n<meta property=\"og:title\" content=\"Lev Pugliese directs Opera p\u00e5 Sk\u00e4ret\u2019s production of\u00a0Turandot - Opera p\u00e5 Sk\u00e4ret\" \/>\n<meta property=\"og:description\" content=\"Lev Pugliese is an internationally active director with roots in Italy and a background in classical music and opera from an early age. He has previously directed Turandot\u00a0in both Italy and China. This summer, he makes his debut at Opera p\u00e5 Sk\u00e4ret. Here, he shares what draws him to Sk\u00e4ret, his perspective on\u00a0Turandot, and his [&hellip;]\" \/>\n<meta property=\"og:url\" content=\"https:\/\/operapaskaret.se\/?p=9188\" \/>\n<meta property=\"og:site_name\" content=\"Opera p\u00e5 Sk\u00e4ret\" \/>\n<meta property=\"article:publisher\" content=\"https:\/\/www.facebook.com\/operapaskaret\" \/>\n<meta property=\"article:published_time\" content=\"2025-02-07T16:15:00+00:00\" \/>\n<meta property=\"og:image\" content=\"https:\/\/operapaskaret.se\/wp-content\/uploads\/2025\/02\/Lev-Pugliese_1.jpeg\" \/>\n\t<meta property=\"og:image:width\" content=\"534\" \/>\n\t<meta property=\"og:image:height\" content=\"787\" \/>\n\t<meta property=\"og:image:type\" content=\"image\/jpeg\" \/>\n<meta name=\"author\" content=\"OPS_katarina\" \/>\n<meta name=\"twitter:card\" content=\"summary_large_image\" \/>\n<meta name=\"twitter:label1\" content=\"Written by\" \/>\n\t<meta name=\"twitter:data1\" content=\"OPS_katarina\" \/>\n\t<meta name=\"twitter:label2\" content=\"Est. reading time\" \/>\n\t<meta name=\"twitter:data2\" content=\"1 minute\" \/>\n<script type=\"application\/ld+json\" class=\"yoast-schema-graph\">{\"@context\":\"https:\\\/\\\/schema.org\",\"@graph\":[{\"@type\":\"Article\",\"@id\":\"https:\\\/\\\/operapaskaret.se\\\/?p=9188#article\",\"isPartOf\":{\"@id\":\"https:\\\/\\\/operapaskaret.se\\\/?p=9188\"},\"author\":{\"name\":\"OPS_katarina\",\"@id\":\"https:\\\/\\\/operapaskaret.se\\\/#\\\/schema\\\/person\\\/7e3193cd16679db84c8a79e63b258a40\"},\"headline\":\"Lev Pugliese directs Opera p\u00e5 Sk\u00e4ret\u2019s production of\u00a0Turandot\",\"datePublished\":\"2025-02-07T16:15:00+00:00\",\"mainEntityOfPage\":{\"@id\":\"https:\\\/\\\/operapaskaret.se\\\/?p=9188\"},\"wordCount\":914,\"publisher\":{\"@id\":\"https:\\\/\\\/operapaskaret.se\\\/#organization\"},\"image\":{\"@id\":\"https:\\\/\\\/operapaskaret.se\\\/?p=9188#primaryimage\"},\"thumbnailUrl\":\"https:\\\/\\\/operapaskaret.se\\\/wp-content\\\/uploads\\\/2025\\\/02\\\/Lev-Pugliese_1.jpeg\",\"articleSection\":[\"News\",\"Nyheter\",\"Okategoriserad\"],\"inLanguage\":\"en-US\"},{\"@type\":\"WebPage\",\"@id\":\"https:\\\/\\\/operapaskaret.se\\\/?p=9188\",\"url\":\"https:\\\/\\\/operapaskaret.se\\\/?p=9188\",\"name\":\"Lev Pugliese directs Opera p\u00e5 Sk\u00e4ret\u2019s production of\u00a0Turandot - Opera p\u00e5 Sk\u00e4ret\",\"isPartOf\":{\"@id\":\"https:\\\/\\\/operapaskaret.se\\\/#website\"},\"primaryImageOfPage\":{\"@id\":\"https:\\\/\\\/operapaskaret.se\\\/?p=9188#primaryimage\"},\"image\":{\"@id\":\"https:\\\/\\\/operapaskaret.se\\\/?p=9188#primaryimage\"},\"thumbnailUrl\":\"https:\\\/\\\/operapaskaret.se\\\/wp-content\\\/uploads\\\/2025\\\/02\\\/Lev-Pugliese_1.jpeg\",\"datePublished\":\"2025-02-07T16:15:00+00:00\",\"breadcrumb\":{\"@id\":\"https:\\\/\\\/operapaskaret.se\\\/?p=9188#breadcrumb\"},\"inLanguage\":\"en-US\",\"potentialAction\":[{\"@type\":\"ReadAction\",\"target\":[\"https:\\\/\\\/operapaskaret.se\\\/?p=9188\"]}]},{\"@type\":\"ImageObject\",\"inLanguage\":\"en-US\",\"@id\":\"https:\\\/\\\/operapaskaret.se\\\/?p=9188#primaryimage\",\"url\":\"https:\\\/\\\/operapaskaret.se\\\/wp-content\\\/uploads\\\/2025\\\/02\\\/Lev-Pugliese_1.jpeg\",\"contentUrl\":\"https:\\\/\\\/operapaskaret.se\\\/wp-content\\\/uploads\\\/2025\\\/02\\\/Lev-Pugliese_1.jpeg\",\"width\":534,\"height\":787},{\"@type\":\"BreadcrumbList\",\"@id\":\"https:\\\/\\\/operapaskaret.se\\\/?p=9188#breadcrumb\",\"itemListElement\":[{\"@type\":\"ListItem\",\"position\":1,\"name\":\"Hem\",\"item\":\"https:\\\/\\\/operapaskaret.se\\\/en\\\/\"},{\"@type\":\"ListItem\",\"position\":2,\"name\":\"Lev Pugliese directs Opera p\u00e5 Sk\u00e4ret\u2019s production of\u00a0Turandot\"}]},{\"@type\":\"WebSite\",\"@id\":\"https:\\\/\\\/operapaskaret.se\\\/#website\",\"url\":\"https:\\\/\\\/operapaskaret.se\\\/\",\"name\":\"Opera p\u00e5 Sk\u00e4ret\",\"description\":\"The Opera Festival in the heart of Sweden\",\"publisher\":{\"@id\":\"https:\\\/\\\/operapaskaret.se\\\/#organization\"},\"potentialAction\":[{\"@type\":\"SearchAction\",\"target\":{\"@type\":\"EntryPoint\",\"urlTemplate\":\"https:\\\/\\\/operapaskaret.se\\\/?s={search_term_string}\"},\"query-input\":{\"@type\":\"PropertyValueSpecification\",\"valueRequired\":true,\"valueName\":\"search_term_string\"}}],\"inLanguage\":\"en-US\"},{\"@type\":\"Organization\",\"@id\":\"https:\\\/\\\/operapaskaret.se\\\/#organization\",\"name\":\"Opera p\u00e5 Sk\u00e4ret\",\"url\":\"https:\\\/\\\/operapaskaret.se\\\/\",\"logo\":{\"@type\":\"ImageObject\",\"inLanguage\":\"en-US\",\"@id\":\"https:\\\/\\\/operapaskaret.se\\\/#\\\/schema\\\/logo\\\/image\\\/\",\"url\":\"https:\\\/\\\/operapaskaret.se\\\/wp-content\\\/uploads\\\/2023\\\/01\\\/OPS_Logo_2023_b.svg\",\"contentUrl\":\"https:\\\/\\\/operapaskaret.se\\\/wp-content\\\/uploads\\\/2023\\\/01\\\/OPS_Logo_2023_b.svg\",\"width\":\"1024\",\"height\":\"1024\",\"caption\":\"Opera p\u00e5 Sk\u00e4ret\"},\"image\":{\"@id\":\"https:\\\/\\\/operapaskaret.se\\\/#\\\/schema\\\/logo\\\/image\\\/\"},\"sameAs\":[\"https:\\\/\\\/www.facebook.com\\\/operapaskaret\",\"https:\\\/\\\/www.instagram.com\\\/operapaskaret\\\/\"]},{\"@type\":\"Person\",\"@id\":\"https:\\\/\\\/operapaskaret.se\\\/#\\\/schema\\\/person\\\/7e3193cd16679db84c8a79e63b258a40\",\"name\":\"OPS_katarina\",\"image\":{\"@type\":\"ImageObject\",\"inLanguage\":\"en-US\",\"@id\":\"https:\\\/\\\/secure.gravatar.com\\\/avatar\\\/e063955fe9e7cadcaf48b80ff9fd9d717e94626bb76dcecf3963242aa6379f48?s=96&d=mm&r=g\",\"url\":\"https:\\\/\\\/secure.gravatar.com\\\/avatar\\\/e063955fe9e7cadcaf48b80ff9fd9d717e94626bb76dcecf3963242aa6379f48?s=96&d=mm&r=g\",\"contentUrl\":\"https:\\\/\\\/secure.gravatar.com\\\/avatar\\\/e063955fe9e7cadcaf48b80ff9fd9d717e94626bb76dcecf3963242aa6379f48?s=96&d=mm&r=g\",\"caption\":\"OPS_katarina\"},\"url\":\"https:\\\/\\\/operapaskaret.se\\\/en\\\/author\\\/ops_katarina\\\/\"}]}<\/script>\n<!-- \/ Yoast SEO plugin. -->","yoast_head_json":{"title":"Lev Pugliese directs Opera p\u00e5 Sk\u00e4ret\u2019s production of\u00a0Turandot - Opera p\u00e5 Sk\u00e4ret","robots":{"index":"index","follow":"follow","max-snippet":"max-snippet:-1","max-image-preview":"max-image-preview:large","max-video-preview":"max-video-preview:-1"},"canonical":"https:\/\/operapaskaret.se\/?p=9188","og_locale":"en_US","og_type":"article","og_title":"Lev Pugliese directs Opera p\u00e5 Sk\u00e4ret\u2019s production of\u00a0Turandot - Opera p\u00e5 Sk\u00e4ret","og_description":"Lev Pugliese is an internationally active director with roots in Italy and a background in classical music and opera from an early age. He has previously directed Turandot\u00a0in both Italy and China. This summer, he makes his debut at Opera p\u00e5 Sk\u00e4ret. Here, he shares what draws him to Sk\u00e4ret, his perspective on\u00a0Turandot, and his [&hellip;]","og_url":"https:\/\/operapaskaret.se\/?p=9188","og_site_name":"Opera p\u00e5 Sk\u00e4ret","article_publisher":"https:\/\/www.facebook.com\/operapaskaret","article_published_time":"2025-02-07T16:15:00+00:00","og_image":[{"width":534,"height":787,"url":"https:\/\/operapaskaret.se\/wp-content\/uploads\/2025\/02\/Lev-Pugliese_1.jpeg","type":"image\/jpeg"}],"author":"OPS_katarina","twitter_card":"summary_large_image","twitter_misc":{"Written by":"OPS_katarina","Est. reading time":"1 minute"},"schema":{"@context":"https:\/\/schema.org","@graph":[{"@type":"Article","@id":"https:\/\/operapaskaret.se\/?p=9188#article","isPartOf":{"@id":"https:\/\/operapaskaret.se\/?p=9188"},"author":{"name":"OPS_katarina","@id":"https:\/\/operapaskaret.se\/#\/schema\/person\/7e3193cd16679db84c8a79e63b258a40"},"headline":"Lev Pugliese directs Opera p\u00e5 Sk\u00e4ret\u2019s production of\u00a0Turandot","datePublished":"2025-02-07T16:15:00+00:00","mainEntityOfPage":{"@id":"https:\/\/operapaskaret.se\/?p=9188"},"wordCount":914,"publisher":{"@id":"https:\/\/operapaskaret.se\/#organization"},"image":{"@id":"https:\/\/operapaskaret.se\/?p=9188#primaryimage"},"thumbnailUrl":"https:\/\/operapaskaret.se\/wp-content\/uploads\/2025\/02\/Lev-Pugliese_1.jpeg","articleSection":["News","Nyheter","Okategoriserad"],"inLanguage":"en-US"},{"@type":"WebPage","@id":"https:\/\/operapaskaret.se\/?p=9188","url":"https:\/\/operapaskaret.se\/?p=9188","name":"Lev Pugliese directs Opera p\u00e5 Sk\u00e4ret\u2019s production of\u00a0Turandot - Opera p\u00e5 Sk\u00e4ret","isPartOf":{"@id":"https:\/\/operapaskaret.se\/#website"},"primaryImageOfPage":{"@id":"https:\/\/operapaskaret.se\/?p=9188#primaryimage"},"image":{"@id":"https:\/\/operapaskaret.se\/?p=9188#primaryimage"},"thumbnailUrl":"https:\/\/operapaskaret.se\/wp-content\/uploads\/2025\/02\/Lev-Pugliese_1.jpeg","datePublished":"2025-02-07T16:15:00+00:00","breadcrumb":{"@id":"https:\/\/operapaskaret.se\/?p=9188#breadcrumb"},"inLanguage":"en-US","potentialAction":[{"@type":"ReadAction","target":["https:\/\/operapaskaret.se\/?p=9188"]}]},{"@type":"ImageObject","inLanguage":"en-US","@id":"https:\/\/operapaskaret.se\/?p=9188#primaryimage","url":"https:\/\/operapaskaret.se\/wp-content\/uploads\/2025\/02\/Lev-Pugliese_1.jpeg","contentUrl":"https:\/\/operapaskaret.se\/wp-content\/uploads\/2025\/02\/Lev-Pugliese_1.jpeg","width":534,"height":787},{"@type":"BreadcrumbList","@id":"https:\/\/operapaskaret.se\/?p=9188#breadcrumb","itemListElement":[{"@type":"ListItem","position":1,"name":"Hem","item":"https:\/\/operapaskaret.se\/en\/"},{"@type":"ListItem","position":2,"name":"Lev Pugliese directs Opera p\u00e5 Sk\u00e4ret\u2019s production of\u00a0Turandot"}]},{"@type":"WebSite","@id":"https:\/\/operapaskaret.se\/#website","url":"https:\/\/operapaskaret.se\/","name":"Opera p\u00e5 Sk\u00e4ret","description":"The Opera Festival in the heart of Sweden","publisher":{"@id":"https:\/\/operapaskaret.se\/#organization"},"potentialAction":[{"@type":"SearchAction","target":{"@type":"EntryPoint","urlTemplate":"https:\/\/operapaskaret.se\/?s={search_term_string}"},"query-input":{"@type":"PropertyValueSpecification","valueRequired":true,"valueName":"search_term_string"}}],"inLanguage":"en-US"},{"@type":"Organization","@id":"https:\/\/operapaskaret.se\/#organization","name":"Opera p\u00e5 Sk\u00e4ret","url":"https:\/\/operapaskaret.se\/","logo":{"@type":"ImageObject","inLanguage":"en-US","@id":"https:\/\/operapaskaret.se\/#\/schema\/logo\/image\/","url":"https:\/\/operapaskaret.se\/wp-content\/uploads\/2023\/01\/OPS_Logo_2023_b.svg","contentUrl":"https:\/\/operapaskaret.se\/wp-content\/uploads\/2023\/01\/OPS_Logo_2023_b.svg","width":"1024","height":"1024","caption":"Opera p\u00e5 Sk\u00e4ret"},"image":{"@id":"https:\/\/operapaskaret.se\/#\/schema\/logo\/image\/"},"sameAs":["https:\/\/www.facebook.com\/operapaskaret","https:\/\/www.instagram.com\/operapaskaret\/"]},{"@type":"Person","@id":"https:\/\/operapaskaret.se\/#\/schema\/person\/7e3193cd16679db84c8a79e63b258a40","name":"OPS_katarina","image":{"@type":"ImageObject","inLanguage":"en-US","@id":"https:\/\/secure.gravatar.com\/avatar\/e063955fe9e7cadcaf48b80ff9fd9d717e94626bb76dcecf3963242aa6379f48?s=96&d=mm&r=g","url":"https:\/\/secure.gravatar.com\/avatar\/e063955fe9e7cadcaf48b80ff9fd9d717e94626bb76dcecf3963242aa6379f48?s=96&d=mm&r=g","contentUrl":"https:\/\/secure.gravatar.com\/avatar\/e063955fe9e7cadcaf48b80ff9fd9d717e94626bb76dcecf3963242aa6379f48?s=96&d=mm&r=g","caption":"OPS_katarina"},"url":"https:\/\/operapaskaret.se\/en\/author\/ops_katarina\/"}]}},"_links":{"self":[{"href":"https:\/\/operapaskaret.se\/en\/wp-json\/wp\/v2\/posts\/9198","targetHints":{"allow":["GET"]}}],"collection":[{"href":"https:\/\/operapaskaret.se\/en\/wp-json\/wp\/v2\/posts"}],"about":[{"href":"https:\/\/operapaskaret.se\/en\/wp-json\/wp\/v2\/types\/post"}],"author":[{"embeddable":true,"href":"https:\/\/operapaskaret.se\/en\/wp-json\/wp\/v2\/users\/7"}],"replies":[{"embeddable":true,"href":"https:\/\/operapaskaret.se\/en\/wp-json\/wp\/v2\/comments?post=9198"}],"version-history":[{"count":4,"href":"https:\/\/operapaskaret.se\/en\/wp-json\/wp\/v2\/posts\/9198\/revisions"}],"predecessor-version":[{"id":9203,"href":"https:\/\/operapaskaret.se\/en\/wp-json\/wp\/v2\/posts\/9198\/revisions\/9203"}],"wp:featuredmedia":[{"embeddable":true,"href":"https:\/\/operapaskaret.se\/en\/wp-json\/wp\/v2\/media\/9190"}],"wp:attachment":[{"href":"https:\/\/operapaskaret.se\/en\/wp-json\/wp\/v2\/media?parent=9198"}],"wp:term":[{"taxonomy":"category","embeddable":true,"href":"https:\/\/operapaskaret.se\/en\/wp-json\/wp\/v2\/categories?post=9198"},{"taxonomy":"post_tag","embeddable":true,"href":"https:\/\/operapaskaret.se\/en\/wp-json\/wp\/v2\/tags?post=9198"}],"curies":[{"name":"wp","href":"https:\/\/api.w.org\/{rel}","templated":true}]}}