{"id":9361,"date":"2025-03-13T14:48:04","date_gmt":"2025-03-13T12:48:04","guid":{"rendered":"https:\/\/operapaskaret.se\/?p=9361"},"modified":"2025-07-23T21:38:11","modified_gmt":"2025-07-23T19:38:11","slug":"lucyna-jarzabek","status":"publish","type":"post","link":"https:\/\/operapaskaret.se\/en\/lucyna-jarzabek\/","title":{"rendered":"Lucyna Jarz\u0105beK"},"content":{"rendered":"<p>[et_pb_section fb_built=&#8221;1&#8243; _builder_version=&#8221;4.27.4&#8243; _module_preset=&#8221;default&#8221; global_colors_info=&#8221;{}&#8221;][et_pb_row column_structure=&#8221;1_2,1_2&#8243; _builder_version=&#8221;4.27.4&#8243; _module_preset=&#8221;default&#8221; global_colors_info=&#8221;{}&#8221;][et_pb_column type=&#8221;1_2&#8243; _builder_version=&#8221;4.27.4&#8243; _module_preset=&#8221;default&#8221; global_colors_info=&#8221;{}&#8221;][et_pb_text _builder_version=&#8221;4.20.4&#8243; _dynamic_attributes=&#8221;content&#8221; _module_preset=&#8221;default&#8221; text_font=&#8221;Bebas Neue|||on|||||&#8221; text_font_size=&#8221;50px&#8221; text_line_height=&#8221;1em&#8221; locked=&#8221;off&#8221; global_colors_info=&#8221;{}&#8221;]@ET-DC@eyJkeW5hbWljIjp0cnVlLCJjb250ZW50IjoicG9zdF90aXRsZSIsInNldHRpbmdzIjp7ImJlZm9yZSI6IiIsImFmdGVyIjoiIn19@[\/et_pb_text][et_pb_text _builder_version=&#8221;4.27.4&#8243; _module_preset=&#8221;default&#8221; global_colors_info=&#8221;{}&#8221;]<\/p>\n<p><text class=\"_textbox_x434h_15\" direction=\"ltr\" height=\"6.92001342773438\" lengthadjust=\"spacingAndGlyphs\" textlength=\"289.038986206055\" x=\"252.323501586914\" y=\"-465.424774169922\" data-test=\"textbox\">The Polish soprano Lucyna Jarz\u0105bek made her operatic debut at the <\/text><text class=\"_textbox_x434h_15\" direction=\"ltr\" height=\"6.91000366210938\" lengthadjust=\"spacingAndGlyphs\" textlength=\"235.992004394531\" x=\"252.783508300781\" y=\"-452.424774169922\" data-test=\"textbox\">Grand Theatre, the National Opera in Warsaw, as Pamina in <em>Die Zauberfl\u00f6te. <\/em><\/text><text class=\"_textbox_x434h_15\" direction=\"ltr\" height=\"6.91000366210938\" lengthadjust=\"spacingAndGlyphs\" textlength=\"264.789031982422\" x=\"273.793487548828\" y=\"-439.424774169922\" data-test=\"textbox\">At the Teatro Alighieri and Teatro Comunale di Ferrara she has sung <\/text><text class=\"_textbox_x434h_15\" direction=\"ltr\" height=\"6.91000366210938\" lengthadjust=\"spacingAndGlyphs\" textlength=\"83.9189910888672\" x=\"252.103500366211\" y=\"-426.424774169922\" data-test=\"textbox\">the role of Fenena in <em>Nabucco<\/em><\/text><text class=\"_textbox_x434h_15\" direction=\"ltr\" height=\"6.91000366210938\" lengthadjust=\"spacingAndGlyphs\" textlength=\"164.309967041016\" x=\"373.652496337891\" y=\"-426.424774169922\" data-test=\"textbox\">, she has also sung the role of Eurydice in <em>Orfeo ed Euridice<\/em><\/text><text class=\"_textbox_x434h_15\" direction=\"ltr\" height=\"6.91000366210938\" lengthadjust=\"spacingAndGlyphs\" textlength=\"67.1740264892578\" x=\"252.853500366211\" y=\"-413.424774169922\" data-test=\"textbox\">\u00a0<\/text><text class=\"_textbox_x434h_15\" direction=\"ltr\" height=\"6.91000366210938\" lengthadjust=\"spacingAndGlyphs\" textlength=\"214.571044921875\" x=\"323.327514648438\" y=\"-413.424774169922\" data-test=\"textbox\">at the Silesian Opera. She has won awards at several <\/text><text class=\"_textbox_x434h_15\" direction=\"ltr\" height=\"6.91000366210938\" lengthadjust=\"spacingAndGlyphs\" textlength=\"283.132949829102\" x=\"252.283493041992\" y=\"-400.424774169922\" data-test=\"textbox\">vocal competitions including International Lions Singing Contest of Fest<\/text><text class=\"_textbox_x434h_15\" direction=\"ltr\" height=\"6.91000366210938\" lengthadjust=\"spacingAndGlyphs\" textlength=\"285.895004272461\" x=\"252.693496704102\" y=\"-387.424774169922\" data-test=\"textbox\">spiele Immling, Eva Marton International Singing Competition, Renata <\/text><text class=\"_textbox_x434h_15\" direction=\"ltr\" height=\"6.91000366210938\" lengthadjust=\"spacingAndGlyphs\" textlength=\"282.517944335938\" x=\"252.323486328125\" y=\"-374.424774169922\" data-test=\"textbox\">Tebaldi International Vocal Competition and Otto Edelman Singing Com<\/text><text class=\"_textbox_x434h_15\" direction=\"ltr\" height=\"6.82000732421875\" lengthadjust=\"spacingAndGlyphs\" textlength=\"67.9649810791016\" x=\"252.913497924805\" y=\"-361.424774169922\" data-test=\"textbox\">petition in Vienna.<\/text><\/p>\n<p>[\/et_pb_text][\/et_pb_column][et_pb_column type=&#8221;1_2&#8243; _builder_version=&#8221;4.27.4&#8243; _module_preset=&#8221;default&#8221; global_colors_info=&#8221;{}&#8221;][et_pb_image src=&#8221;https:\/\/operapaskaret.se\/wp-content\/uploads\/2025\/07\/photographer_andreas-hylthen-6076-scaled.jpg&#8221; title_text=&#8221;photographer_andreas hylthen-6076&#8243; _builder_version=&#8221;4.27.4&#8243; _module_preset=&#8221;default&#8221; hover_enabled=&#8221;0&#8243; global_colors_info=&#8221;{}&#8221; sticky_enabled=&#8221;0&#8243;][\/et_pb_image][\/et_pb_column][\/et_pb_row][\/et_pb_section]<\/p>\n","protected":false},"excerpt":{"rendered":"<p>The Polish soprano Lucyna Jarz\u0105bek made her operatic debut at the Grand Theatre, the National Opera in Warsaw, as Pamina in Die Zauberfl\u00f6te. At the Teatro Alighieri and Teatro Comunale di Ferrara she has sung the role of Fenena in Nabucco, she has also sung the role of Eurydice in Orfeo ed Euridice\u00a0at the Silesian [&hellip;]<\/p>\n","protected":false},"author":7,"featured_media":0,"comment_status":"open","ping_status":"open","sticky":false,"template":"","format":"standard","meta":{"_et_pb_use_builder":"on","_et_pb_old_content":"","_et_gb_content_width":"","inline_featured_image":false,"footnotes":""},"categories":[37],"tags":[],"class_list":["post-9361","post","type-post","status-publish","format-standard","hentry","category-solister-en"],"yoast_head":"<!-- This site is optimized with the Yoast SEO plugin v27.5 - https:\/\/yoast.com\/product\/yoast-seo-wordpress\/ -->\n<title>Lucyna Jarz\u0105beK - Opera p\u00e5 Sk\u00e4ret<\/title>\n<meta name=\"robots\" content=\"index, follow, max-snippet:-1, max-image-preview:large, max-video-preview:-1\" \/>\n<link rel=\"canonical\" href=\"https:\/\/operapaskaret.se\/en\/lucyna-jarzabek\/\" \/>\n<meta property=\"og:locale\" content=\"en_US\" \/>\n<meta property=\"og:type\" content=\"article\" \/>\n<meta property=\"og:title\" content=\"Lucyna Jarz\u0105beK - Opera p\u00e5 Sk\u00e4ret\" \/>\n<meta property=\"og:description\" content=\"The Polish soprano Lucyna Jarz\u0105bek made her operatic debut at the Grand Theatre, the National Opera in Warsaw, as Pamina in Die Zauberfl\u00f6te. At the Teatro Alighieri and Teatro Comunale di Ferrara she has sung the role of Fenena in Nabucco, she has also sung the role of Eurydice in Orfeo ed Euridice\u00a0at the Silesian [&hellip;]\" \/>\n<meta property=\"og:url\" content=\"https:\/\/operapaskaret.se\/en\/lucyna-jarzabek\/\" \/>\n<meta property=\"og:site_name\" content=\"Opera p\u00e5 Sk\u00e4ret\" \/>\n<meta property=\"article:publisher\" content=\"https:\/\/www.facebook.com\/operapaskaret\" \/>\n<meta property=\"article:published_time\" content=\"2025-03-13T12:48:04+00:00\" \/>\n<meta property=\"article:modified_time\" content=\"2025-07-23T19:38:11+00:00\" \/>\n<meta name=\"author\" content=\"OPS_katarina\" \/>\n<meta name=\"twitter:card\" content=\"summary_large_image\" \/>\n<meta name=\"twitter:label1\" content=\"Written by\" \/>\n\t<meta name=\"twitter:data1\" content=\"OPS_katarina\" \/>\n\t<meta name=\"twitter:label2\" content=\"Est. reading time\" \/>\n\t<meta name=\"twitter:data2\" content=\"2 minutes\" \/>\n<script type=\"application\/ld+json\" class=\"yoast-schema-graph\">{\"@context\":\"https:\\\/\\\/schema.org\",\"@graph\":[{\"@type\":\"Article\",\"@id\":\"https:\\\/\\\/operapaskaret.se\\\/en\\\/lucyna-jarzabek\\\/#article\",\"isPartOf\":{\"@id\":\"https:\\\/\\\/operapaskaret.se\\\/en\\\/lucyna-jarzabek\\\/\"},\"author\":{\"name\":\"OPS_katarina\",\"@id\":\"https:\\\/\\\/operapaskaret.se\\\/#\\\/schema\\\/person\\\/7e3193cd16679db84c8a79e63b258a40\"},\"headline\":\"Lucyna Jarz\u0105beK\",\"datePublished\":\"2025-03-13T12:48:04+00:00\",\"dateModified\":\"2025-07-23T19:38:11+00:00\",\"mainEntityOfPage\":{\"@id\":\"https:\\\/\\\/operapaskaret.se\\\/en\\\/lucyna-jarzabek\\\/\"},\"wordCount\":249,\"commentCount\":0,\"publisher\":{\"@id\":\"https:\\\/\\\/operapaskaret.se\\\/#organization\"},\"articleSection\":[\"Solister\"],\"inLanguage\":\"en-US\",\"potentialAction\":[{\"@type\":\"CommentAction\",\"name\":\"Comment\",\"target\":[\"https:\\\/\\\/operapaskaret.se\\\/en\\\/lucyna-jarzabek\\\/#respond\"]}]},{\"@type\":\"WebPage\",\"@id\":\"https:\\\/\\\/operapaskaret.se\\\/en\\\/lucyna-jarzabek\\\/\",\"url\":\"https:\\\/\\\/operapaskaret.se\\\/en\\\/lucyna-jarzabek\\\/\",\"name\":\"Lucyna Jarz\u0105beK - Opera p\u00e5 Sk\u00e4ret\",\"isPartOf\":{\"@id\":\"https:\\\/\\\/operapaskaret.se\\\/#website\"},\"datePublished\":\"2025-03-13T12:48:04+00:00\",\"dateModified\":\"2025-07-23T19:38:11+00:00\",\"breadcrumb\":{\"@id\":\"https:\\\/\\\/operapaskaret.se\\\/en\\\/lucyna-jarzabek\\\/#breadcrumb\"},\"inLanguage\":\"en-US\",\"potentialAction\":[{\"@type\":\"ReadAction\",\"target\":[\"https:\\\/\\\/operapaskaret.se\\\/en\\\/lucyna-jarzabek\\\/\"]}]},{\"@type\":\"BreadcrumbList\",\"@id\":\"https:\\\/\\\/operapaskaret.se\\\/en\\\/lucyna-jarzabek\\\/#breadcrumb\",\"itemListElement\":[{\"@type\":\"ListItem\",\"position\":1,\"name\":\"Hem\",\"item\":\"https:\\\/\\\/operapaskaret.se\\\/en\\\/\"},{\"@type\":\"ListItem\",\"position\":2,\"name\":\"Lucyna Jarz\u0105beK\"}]},{\"@type\":\"WebSite\",\"@id\":\"https:\\\/\\\/operapaskaret.se\\\/#website\",\"url\":\"https:\\\/\\\/operapaskaret.se\\\/\",\"name\":\"Opera p\u00e5 Sk\u00e4ret\",\"description\":\"The Opera Festival in the heart of Sweden\",\"publisher\":{\"@id\":\"https:\\\/\\\/operapaskaret.se\\\/#organization\"},\"potentialAction\":[{\"@type\":\"SearchAction\",\"target\":{\"@type\":\"EntryPoint\",\"urlTemplate\":\"https:\\\/\\\/operapaskaret.se\\\/?s={search_term_string}\"},\"query-input\":{\"@type\":\"PropertyValueSpecification\",\"valueRequired\":true,\"valueName\":\"search_term_string\"}}],\"inLanguage\":\"en-US\"},{\"@type\":\"Organization\",\"@id\":\"https:\\\/\\\/operapaskaret.se\\\/#organization\",\"name\":\"Opera p\u00e5 Sk\u00e4ret\",\"url\":\"https:\\\/\\\/operapaskaret.se\\\/\",\"logo\":{\"@type\":\"ImageObject\",\"inLanguage\":\"en-US\",\"@id\":\"https:\\\/\\\/operapaskaret.se\\\/#\\\/schema\\\/logo\\\/image\\\/\",\"url\":\"https:\\\/\\\/operapaskaret.se\\\/wp-content\\\/uploads\\\/2023\\\/01\\\/OPS_Logo_2023_b.svg\",\"contentUrl\":\"https:\\\/\\\/operapaskaret.se\\\/wp-content\\\/uploads\\\/2023\\\/01\\\/OPS_Logo_2023_b.svg\",\"width\":\"1024\",\"height\":\"1024\",\"caption\":\"Opera p\u00e5 Sk\u00e4ret\"},\"image\":{\"@id\":\"https:\\\/\\\/operapaskaret.se\\\/#\\\/schema\\\/logo\\\/image\\\/\"},\"sameAs\":[\"https:\\\/\\\/www.facebook.com\\\/operapaskaret\",\"https:\\\/\\\/www.instagram.com\\\/operapaskaret\\\/\"]},{\"@type\":\"Person\",\"@id\":\"https:\\\/\\\/operapaskaret.se\\\/#\\\/schema\\\/person\\\/7e3193cd16679db84c8a79e63b258a40\",\"name\":\"OPS_katarina\",\"image\":{\"@type\":\"ImageObject\",\"inLanguage\":\"en-US\",\"@id\":\"https:\\\/\\\/secure.gravatar.com\\\/avatar\\\/e063955fe9e7cadcaf48b80ff9fd9d717e94626bb76dcecf3963242aa6379f48?s=96&d=mm&r=g\",\"url\":\"https:\\\/\\\/secure.gravatar.com\\\/avatar\\\/e063955fe9e7cadcaf48b80ff9fd9d717e94626bb76dcecf3963242aa6379f48?s=96&d=mm&r=g\",\"contentUrl\":\"https:\\\/\\\/secure.gravatar.com\\\/avatar\\\/e063955fe9e7cadcaf48b80ff9fd9d717e94626bb76dcecf3963242aa6379f48?s=96&d=mm&r=g\",\"caption\":\"OPS_katarina\"},\"url\":\"https:\\\/\\\/operapaskaret.se\\\/en\\\/author\\\/ops_katarina\\\/\"}]}<\/script>\n<!-- \/ Yoast SEO plugin. -->","yoast_head_json":{"title":"Lucyna Jarz\u0105beK - Opera p\u00e5 Sk\u00e4ret","robots":{"index":"index","follow":"follow","max-snippet":"max-snippet:-1","max-image-preview":"max-image-preview:large","max-video-preview":"max-video-preview:-1"},"canonical":"https:\/\/operapaskaret.se\/en\/lucyna-jarzabek\/","og_locale":"en_US","og_type":"article","og_title":"Lucyna Jarz\u0105beK - Opera p\u00e5 Sk\u00e4ret","og_description":"The Polish soprano Lucyna Jarz\u0105bek made her operatic debut at the Grand Theatre, the National Opera in Warsaw, as Pamina in Die Zauberfl\u00f6te. At the Teatro Alighieri and Teatro Comunale di Ferrara she has sung the role of Fenena in Nabucco, she has also sung the role of Eurydice in Orfeo ed Euridice\u00a0at the Silesian [&hellip;]","og_url":"https:\/\/operapaskaret.se\/en\/lucyna-jarzabek\/","og_site_name":"Opera p\u00e5 Sk\u00e4ret","article_publisher":"https:\/\/www.facebook.com\/operapaskaret","article_published_time":"2025-03-13T12:48:04+00:00","article_modified_time":"2025-07-23T19:38:11+00:00","author":"OPS_katarina","twitter_card":"summary_large_image","twitter_misc":{"Written by":"OPS_katarina","Est. reading time":"2 minutes"},"schema":{"@context":"https:\/\/schema.org","@graph":[{"@type":"Article","@id":"https:\/\/operapaskaret.se\/en\/lucyna-jarzabek\/#article","isPartOf":{"@id":"https:\/\/operapaskaret.se\/en\/lucyna-jarzabek\/"},"author":{"name":"OPS_katarina","@id":"https:\/\/operapaskaret.se\/#\/schema\/person\/7e3193cd16679db84c8a79e63b258a40"},"headline":"Lucyna Jarz\u0105beK","datePublished":"2025-03-13T12:48:04+00:00","dateModified":"2025-07-23T19:38:11+00:00","mainEntityOfPage":{"@id":"https:\/\/operapaskaret.se\/en\/lucyna-jarzabek\/"},"wordCount":249,"commentCount":0,"publisher":{"@id":"https:\/\/operapaskaret.se\/#organization"},"articleSection":["Solister"],"inLanguage":"en-US","potentialAction":[{"@type":"CommentAction","name":"Comment","target":["https:\/\/operapaskaret.se\/en\/lucyna-jarzabek\/#respond"]}]},{"@type":"WebPage","@id":"https:\/\/operapaskaret.se\/en\/lucyna-jarzabek\/","url":"https:\/\/operapaskaret.se\/en\/lucyna-jarzabek\/","name":"Lucyna Jarz\u0105beK - Opera p\u00e5 Sk\u00e4ret","isPartOf":{"@id":"https:\/\/operapaskaret.se\/#website"},"datePublished":"2025-03-13T12:48:04+00:00","dateModified":"2025-07-23T19:38:11+00:00","breadcrumb":{"@id":"https:\/\/operapaskaret.se\/en\/lucyna-jarzabek\/#breadcrumb"},"inLanguage":"en-US","potentialAction":[{"@type":"ReadAction","target":["https:\/\/operapaskaret.se\/en\/lucyna-jarzabek\/"]}]},{"@type":"BreadcrumbList","@id":"https:\/\/operapaskaret.se\/en\/lucyna-jarzabek\/#breadcrumb","itemListElement":[{"@type":"ListItem","position":1,"name":"Hem","item":"https:\/\/operapaskaret.se\/en\/"},{"@type":"ListItem","position":2,"name":"Lucyna Jarz\u0105beK"}]},{"@type":"WebSite","@id":"https:\/\/operapaskaret.se\/#website","url":"https:\/\/operapaskaret.se\/","name":"Opera p\u00e5 Sk\u00e4ret","description":"The Opera Festival in the heart of Sweden","publisher":{"@id":"https:\/\/operapaskaret.se\/#organization"},"potentialAction":[{"@type":"SearchAction","target":{"@type":"EntryPoint","urlTemplate":"https:\/\/operapaskaret.se\/?s={search_term_string}"},"query-input":{"@type":"PropertyValueSpecification","valueRequired":true,"valueName":"search_term_string"}}],"inLanguage":"en-US"},{"@type":"Organization","@id":"https:\/\/operapaskaret.se\/#organization","name":"Opera p\u00e5 Sk\u00e4ret","url":"https:\/\/operapaskaret.se\/","logo":{"@type":"ImageObject","inLanguage":"en-US","@id":"https:\/\/operapaskaret.se\/#\/schema\/logo\/image\/","url":"https:\/\/operapaskaret.se\/wp-content\/uploads\/2023\/01\/OPS_Logo_2023_b.svg","contentUrl":"https:\/\/operapaskaret.se\/wp-content\/uploads\/2023\/01\/OPS_Logo_2023_b.svg","width":"1024","height":"1024","caption":"Opera p\u00e5 Sk\u00e4ret"},"image":{"@id":"https:\/\/operapaskaret.se\/#\/schema\/logo\/image\/"},"sameAs":["https:\/\/www.facebook.com\/operapaskaret","https:\/\/www.instagram.com\/operapaskaret\/"]},{"@type":"Person","@id":"https:\/\/operapaskaret.se\/#\/schema\/person\/7e3193cd16679db84c8a79e63b258a40","name":"OPS_katarina","image":{"@type":"ImageObject","inLanguage":"en-US","@id":"https:\/\/secure.gravatar.com\/avatar\/e063955fe9e7cadcaf48b80ff9fd9d717e94626bb76dcecf3963242aa6379f48?s=96&d=mm&r=g","url":"https:\/\/secure.gravatar.com\/avatar\/e063955fe9e7cadcaf48b80ff9fd9d717e94626bb76dcecf3963242aa6379f48?s=96&d=mm&r=g","contentUrl":"https:\/\/secure.gravatar.com\/avatar\/e063955fe9e7cadcaf48b80ff9fd9d717e94626bb76dcecf3963242aa6379f48?s=96&d=mm&r=g","caption":"OPS_katarina"},"url":"https:\/\/operapaskaret.se\/en\/author\/ops_katarina\/"}]}},"_links":{"self":[{"href":"https:\/\/operapaskaret.se\/en\/wp-json\/wp\/v2\/posts\/9361","targetHints":{"allow":["GET"]}}],"collection":[{"href":"https:\/\/operapaskaret.se\/en\/wp-json\/wp\/v2\/posts"}],"about":[{"href":"https:\/\/operapaskaret.se\/en\/wp-json\/wp\/v2\/types\/post"}],"author":[{"embeddable":true,"href":"https:\/\/operapaskaret.se\/en\/wp-json\/wp\/v2\/users\/7"}],"replies":[{"embeddable":true,"href":"https:\/\/operapaskaret.se\/en\/wp-json\/wp\/v2\/comments?post=9361"}],"version-history":[{"count":15,"href":"https:\/\/operapaskaret.se\/en\/wp-json\/wp\/v2\/posts\/9361\/revisions"}],"predecessor-version":[{"id":10518,"href":"https:\/\/operapaskaret.se\/en\/wp-json\/wp\/v2\/posts\/9361\/revisions\/10518"}],"wp:attachment":[{"href":"https:\/\/operapaskaret.se\/en\/wp-json\/wp\/v2\/media?parent=9361"}],"wp:term":[{"taxonomy":"category","embeddable":true,"href":"https:\/\/operapaskaret.se\/en\/wp-json\/wp\/v2\/categories?post=9361"},{"taxonomy":"post_tag","embeddable":true,"href":"https:\/\/operapaskaret.se\/en\/wp-json\/wp\/v2\/tags?post=9361"}],"curies":[{"name":"wp","href":"https:\/\/api.w.org\/{rel}","templated":true}]}}