{"id":9410,"date":"2025-03-13T15:05:42","date_gmt":"2025-03-13T13:05:42","guid":{"rendered":"https:\/\/operapaskaret.se\/?p=9410"},"modified":"2025-07-24T09:44:53","modified_gmt":"2025-07-24T07:44:53","slug":"lilla-horti","status":"publish","type":"post","link":"https:\/\/operapaskaret.se\/en\/lilla-horti\/","title":{"rendered":"Lilla Horti"},"content":{"rendered":"<p>[et_pb_section fb_built=&#8221;1&#8243; _builder_version=&#8221;4.27.4&#8243; _module_preset=&#8221;default&#8221; global_colors_info=&#8221;{}&#8221;][et_pb_row column_structure=&#8221;1_2,1_2&#8243; _builder_version=&#8221;4.27.4&#8243; _module_preset=&#8221;default&#8221; global_colors_info=&#8221;{}&#8221;][et_pb_column type=&#8221;1_2&#8243; _builder_version=&#8221;4.27.4&#8243; _module_preset=&#8221;default&#8221; global_colors_info=&#8221;{}&#8221;][et_pb_text _builder_version=&#8221;4.20.4&#8243; _dynamic_attributes=&#8221;content&#8221; _module_preset=&#8221;default&#8221; text_font=&#8221;Bebas Neue|||on|||||&#8221; text_font_size=&#8221;50px&#8221; text_line_height=&#8221;1em&#8221; locked=&#8221;off&#8221; global_colors_info=&#8221;{}&#8221;]@ET-DC@eyJkeW5hbWljIjp0cnVlLCJjb250ZW50IjoicG9zdF90aXRsZSIsInNldHRpbmdzIjp7ImJlZm9yZSI6IiIsImFmdGVyIjoiIn19@[\/et_pb_text][et_pb_text _builder_version=&#8221;4.27.4&#8243; _module_preset=&#8221;default&#8221; global_colors_info=&#8221;{}&#8221;]<\/p>\n<p><text class=\"_textbox_x434h_15\" direction=\"ltr\" height=\"6.90997314453125\" lengthadjust=\"spacingAndGlyphs\" textlength=\"288.266220092773\" x=\"253.073501586914\" y=\"-739.6767578125\" data-test=\"textbox\">Lilla Horti is a Hungarian soprano, who has sung 26 roles such as Mim\u00ec <\/text><text class=\"_textbox_x434h_15\" direction=\"ltr\" height=\"6.82000732421875\" lengthadjust=\"spacingAndGlyphs\" textlength=\"6.47999572753906\" x=\"252.983505249023\" y=\"-726.6767578125\" data-test=\"textbox\">in La boh\u00e8me <\/text><text class=\"_textbox_x434h_15\" direction=\"ltr\" height=\"6.90997314453125\" lengthadjust=\"spacingAndGlyphs\" textlength=\"199.173126220703\" x=\"307.727508544922\" y=\"-726.6767578125\" data-test=\"textbox\">conducted by Christian Badea, <span>Fiordiligi in Cos\u00ed fan tutte, Nedda in I Pagliacci, Antonia &amp; Giulietta in Tales of Hoffmann, Bess in Porgy and Bess, Rosalinda in The Bat and Mica\u00ebla in Carmen at Hungarian State Opera.<\/span><\/text><\/p>\n<p><text class=\"_textbox_x434h_15\" direction=\"ltr\" height=\"6.90997314453125\" lengthadjust=\"spacingAndGlyphs\" textlength=\"285.961242675781\" x=\"252.643493652344\" y=\"-713.6767578125\" data-test=\"textbox\">She is a returning guest at the Budapest <\/text><text class=\"_textbox_x434h_15\" direction=\"ltr\" height=\"8.95001220703125\" lengthadjust=\"spacingAndGlyphs\" textlength=\"289.100173950195\" x=\"252.283493041992\" y=\"-700.6767578125\" data-test=\"textbox\">Wagner Days in M\u00dcPA conducted by \u00c1d\u00e1m Fischer singing Gutrune <\/text><text class=\"_textbox_x434h_15\" direction=\"ltr\" height=\"6.82000732421875\" lengthadjust=\"spacingAndGlyphs\" textlength=\"285.969116210938\" x=\"252.643493652344\" y=\"-687.6767578125\" data-test=\"textbox\">and Freia. Lilla Horti has also great experience in contemporary music, <\/text><text class=\"_textbox_x434h_15\" direction=\"ltr\" height=\"6.90997314453125\" lengthadjust=\"spacingAndGlyphs\" textlength=\"285.933959960938\" x=\"252.643493652344\" y=\"-674.6767578125\" data-test=\"textbox\">and she is a busy concert singer, who has performed in Hungary, Austria, <\/text><text class=\"_textbox_x434h_15\" direction=\"ltr\" height=\"7.010009765625\" lengthadjust=\"spacingAndGlyphs\" textlength=\"285.666030883789\" x=\"252.783493041992\" y=\"-661.6767578125\" data-test=\"textbox\">Germany, the Netherlands, Spain, France, Slovakia, Serbia, India and China.<\/text><\/p>\n<p>[\/et_pb_text][\/et_pb_column][et_pb_column type=&#8221;1_2&#8243; _builder_version=&#8221;4.27.4&#8243; _module_preset=&#8221;default&#8221; global_colors_info=&#8221;{}&#8221;][et_pb_image src=&#8221;https:\/\/operapaskaret.se\/wp-content\/uploads\/2025\/07\/photographer_andreas-hylthen-6174-scaled.jpg&#8221; title_text=&#8221;photographer_andreas hylthen-6174&#8243; _builder_version=&#8221;4.27.4&#8243; _module_preset=&#8221;default&#8221; hover_enabled=&#8221;0&#8243; global_colors_info=&#8221;{}&#8221; sticky_enabled=&#8221;0&#8243; alt=&#8221;Lilla Horti&#8221;][\/et_pb_image][\/et_pb_column][\/et_pb_row][\/et_pb_section]<\/p>\n","protected":false},"excerpt":{"rendered":"<p>Lilla Horti is a Hungarian soprano, who has sung 26 roles such as Mim\u00ec in La boh\u00e8me conducted by Christian Badea, Fiordiligi in Cos\u00ed fan tutte, Nedda in I Pagliacci, Antonia &amp; Giulietta in Tales of Hoffmann, Bess in Porgy and Bess, Rosalinda in The Bat and Mica\u00ebla in Carmen at Hungarian State Opera. She [&hellip;]<\/p>\n","protected":false},"author":7,"featured_media":0,"comment_status":"open","ping_status":"open","sticky":false,"template":"","format":"standard","meta":{"_et_pb_use_builder":"on","_et_pb_old_content":"","_et_gb_content_width":"","inline_featured_image":false,"footnotes":""},"categories":[37],"tags":[],"class_list":["post-9410","post","type-post","status-publish","format-standard","hentry","category-solister-en"],"yoast_head":"<!-- This site is optimized with the Yoast SEO plugin v27.5 - https:\/\/yoast.com\/product\/yoast-seo-wordpress\/ -->\n<title>Lilla Horti - Opera p\u00e5 Sk\u00e4ret<\/title>\n<meta name=\"robots\" content=\"index, follow, max-snippet:-1, max-image-preview:large, max-video-preview:-1\" \/>\n<link rel=\"canonical\" href=\"https:\/\/operapaskaret.se\/en\/lilla-horti\/\" \/>\n<meta property=\"og:locale\" content=\"en_US\" \/>\n<meta property=\"og:type\" content=\"article\" \/>\n<meta property=\"og:title\" content=\"Lilla Horti - Opera p\u00e5 Sk\u00e4ret\" \/>\n<meta property=\"og:description\" content=\"Lilla Horti is a Hungarian soprano, who has sung 26 roles such as Mim\u00ec in La boh\u00e8me conducted by Christian Badea, Fiordiligi in Cos\u00ed fan tutte, Nedda in I Pagliacci, Antonia &amp; Giulietta in Tales of Hoffmann, Bess in Porgy and Bess, Rosalinda in The Bat and Mica\u00ebla in Carmen at Hungarian State Opera. She [&hellip;]\" \/>\n<meta property=\"og:url\" content=\"https:\/\/operapaskaret.se\/en\/lilla-horti\/\" \/>\n<meta property=\"og:site_name\" content=\"Opera p\u00e5 Sk\u00e4ret\" \/>\n<meta property=\"article:publisher\" content=\"https:\/\/www.facebook.com\/operapaskaret\" \/>\n<meta property=\"article:published_time\" content=\"2025-03-13T13:05:42+00:00\" \/>\n<meta property=\"article:modified_time\" content=\"2025-07-24T07:44:53+00:00\" \/>\n<meta name=\"author\" content=\"OPS_katarina\" \/>\n<meta name=\"twitter:card\" content=\"summary_large_image\" \/>\n<meta name=\"twitter:label1\" content=\"Written by\" \/>\n\t<meta name=\"twitter:data1\" content=\"OPS_katarina\" \/>\n<script type=\"application\/ld+json\" class=\"yoast-schema-graph\">{\"@context\":\"https:\\\/\\\/schema.org\",\"@graph\":[{\"@type\":\"Article\",\"@id\":\"https:\\\/\\\/operapaskaret.se\\\/en\\\/lilla-horti\\\/#article\",\"isPartOf\":{\"@id\":\"https:\\\/\\\/operapaskaret.se\\\/en\\\/lilla-horti\\\/\"},\"author\":{\"name\":\"OPS_katarina\",\"@id\":\"https:\\\/\\\/operapaskaret.se\\\/#\\\/schema\\\/person\\\/7e3193cd16679db84c8a79e63b258a40\"},\"headline\":\"Lilla Horti\",\"datePublished\":\"2025-03-13T13:05:42+00:00\",\"dateModified\":\"2025-07-24T07:44:53+00:00\",\"mainEntityOfPage\":{\"@id\":\"https:\\\/\\\/operapaskaret.se\\\/en\\\/lilla-horti\\\/\"},\"wordCount\":266,\"commentCount\":0,\"publisher\":{\"@id\":\"https:\\\/\\\/operapaskaret.se\\\/#organization\"},\"articleSection\":[\"Solister\"],\"inLanguage\":\"en-US\",\"potentialAction\":[{\"@type\":\"CommentAction\",\"name\":\"Comment\",\"target\":[\"https:\\\/\\\/operapaskaret.se\\\/en\\\/lilla-horti\\\/#respond\"]}]},{\"@type\":\"WebPage\",\"@id\":\"https:\\\/\\\/operapaskaret.se\\\/en\\\/lilla-horti\\\/\",\"url\":\"https:\\\/\\\/operapaskaret.se\\\/en\\\/lilla-horti\\\/\",\"name\":\"Lilla Horti - Opera p\u00e5 Sk\u00e4ret\",\"isPartOf\":{\"@id\":\"https:\\\/\\\/operapaskaret.se\\\/#website\"},\"datePublished\":\"2025-03-13T13:05:42+00:00\",\"dateModified\":\"2025-07-24T07:44:53+00:00\",\"breadcrumb\":{\"@id\":\"https:\\\/\\\/operapaskaret.se\\\/en\\\/lilla-horti\\\/#breadcrumb\"},\"inLanguage\":\"en-US\",\"potentialAction\":[{\"@type\":\"ReadAction\",\"target\":[\"https:\\\/\\\/operapaskaret.se\\\/en\\\/lilla-horti\\\/\"]}]},{\"@type\":\"BreadcrumbList\",\"@id\":\"https:\\\/\\\/operapaskaret.se\\\/en\\\/lilla-horti\\\/#breadcrumb\",\"itemListElement\":[{\"@type\":\"ListItem\",\"position\":1,\"name\":\"Hem\",\"item\":\"https:\\\/\\\/operapaskaret.se\\\/en\\\/\"},{\"@type\":\"ListItem\",\"position\":2,\"name\":\"Lilla Horti\"}]},{\"@type\":\"WebSite\",\"@id\":\"https:\\\/\\\/operapaskaret.se\\\/#website\",\"url\":\"https:\\\/\\\/operapaskaret.se\\\/\",\"name\":\"Opera p\u00e5 Sk\u00e4ret\",\"description\":\"The Opera Festival in the heart of Sweden\",\"publisher\":{\"@id\":\"https:\\\/\\\/operapaskaret.se\\\/#organization\"},\"potentialAction\":[{\"@type\":\"SearchAction\",\"target\":{\"@type\":\"EntryPoint\",\"urlTemplate\":\"https:\\\/\\\/operapaskaret.se\\\/?s={search_term_string}\"},\"query-input\":{\"@type\":\"PropertyValueSpecification\",\"valueRequired\":true,\"valueName\":\"search_term_string\"}}],\"inLanguage\":\"en-US\"},{\"@type\":\"Organization\",\"@id\":\"https:\\\/\\\/operapaskaret.se\\\/#organization\",\"name\":\"Opera p\u00e5 Sk\u00e4ret\",\"url\":\"https:\\\/\\\/operapaskaret.se\\\/\",\"logo\":{\"@type\":\"ImageObject\",\"inLanguage\":\"en-US\",\"@id\":\"https:\\\/\\\/operapaskaret.se\\\/#\\\/schema\\\/logo\\\/image\\\/\",\"url\":\"https:\\\/\\\/operapaskaret.se\\\/wp-content\\\/uploads\\\/2023\\\/01\\\/OPS_Logo_2023_b.svg\",\"contentUrl\":\"https:\\\/\\\/operapaskaret.se\\\/wp-content\\\/uploads\\\/2023\\\/01\\\/OPS_Logo_2023_b.svg\",\"width\":\"1024\",\"height\":\"1024\",\"caption\":\"Opera p\u00e5 Sk\u00e4ret\"},\"image\":{\"@id\":\"https:\\\/\\\/operapaskaret.se\\\/#\\\/schema\\\/logo\\\/image\\\/\"},\"sameAs\":[\"https:\\\/\\\/www.facebook.com\\\/operapaskaret\",\"https:\\\/\\\/www.instagram.com\\\/operapaskaret\\\/\"]},{\"@type\":\"Person\",\"@id\":\"https:\\\/\\\/operapaskaret.se\\\/#\\\/schema\\\/person\\\/7e3193cd16679db84c8a79e63b258a40\",\"name\":\"OPS_katarina\",\"image\":{\"@type\":\"ImageObject\",\"inLanguage\":\"en-US\",\"@id\":\"https:\\\/\\\/secure.gravatar.com\\\/avatar\\\/e063955fe9e7cadcaf48b80ff9fd9d717e94626bb76dcecf3963242aa6379f48?s=96&d=mm&r=g\",\"url\":\"https:\\\/\\\/secure.gravatar.com\\\/avatar\\\/e063955fe9e7cadcaf48b80ff9fd9d717e94626bb76dcecf3963242aa6379f48?s=96&d=mm&r=g\",\"contentUrl\":\"https:\\\/\\\/secure.gravatar.com\\\/avatar\\\/e063955fe9e7cadcaf48b80ff9fd9d717e94626bb76dcecf3963242aa6379f48?s=96&d=mm&r=g\",\"caption\":\"OPS_katarina\"},\"url\":\"https:\\\/\\\/operapaskaret.se\\\/en\\\/author\\\/ops_katarina\\\/\"}]}<\/script>\n<!-- \/ Yoast SEO plugin. -->","yoast_head_json":{"title":"Lilla Horti - Opera p\u00e5 Sk\u00e4ret","robots":{"index":"index","follow":"follow","max-snippet":"max-snippet:-1","max-image-preview":"max-image-preview:large","max-video-preview":"max-video-preview:-1"},"canonical":"https:\/\/operapaskaret.se\/en\/lilla-horti\/","og_locale":"en_US","og_type":"article","og_title":"Lilla Horti - Opera p\u00e5 Sk\u00e4ret","og_description":"Lilla Horti is a Hungarian soprano, who has sung 26 roles such as Mim\u00ec in La boh\u00e8me conducted by Christian Badea, Fiordiligi in Cos\u00ed fan tutte, Nedda in I Pagliacci, Antonia &amp; Giulietta in Tales of Hoffmann, Bess in Porgy and Bess, Rosalinda in The Bat and Mica\u00ebla in Carmen at Hungarian State Opera. She [&hellip;]","og_url":"https:\/\/operapaskaret.se\/en\/lilla-horti\/","og_site_name":"Opera p\u00e5 Sk\u00e4ret","article_publisher":"https:\/\/www.facebook.com\/operapaskaret","article_published_time":"2025-03-13T13:05:42+00:00","article_modified_time":"2025-07-24T07:44:53+00:00","author":"OPS_katarina","twitter_card":"summary_large_image","twitter_misc":{"Written by":"OPS_katarina"},"schema":{"@context":"https:\/\/schema.org","@graph":[{"@type":"Article","@id":"https:\/\/operapaskaret.se\/en\/lilla-horti\/#article","isPartOf":{"@id":"https:\/\/operapaskaret.se\/en\/lilla-horti\/"},"author":{"name":"OPS_katarina","@id":"https:\/\/operapaskaret.se\/#\/schema\/person\/7e3193cd16679db84c8a79e63b258a40"},"headline":"Lilla Horti","datePublished":"2025-03-13T13:05:42+00:00","dateModified":"2025-07-24T07:44:53+00:00","mainEntityOfPage":{"@id":"https:\/\/operapaskaret.se\/en\/lilla-horti\/"},"wordCount":266,"commentCount":0,"publisher":{"@id":"https:\/\/operapaskaret.se\/#organization"},"articleSection":["Solister"],"inLanguage":"en-US","potentialAction":[{"@type":"CommentAction","name":"Comment","target":["https:\/\/operapaskaret.se\/en\/lilla-horti\/#respond"]}]},{"@type":"WebPage","@id":"https:\/\/operapaskaret.se\/en\/lilla-horti\/","url":"https:\/\/operapaskaret.se\/en\/lilla-horti\/","name":"Lilla Horti - Opera p\u00e5 Sk\u00e4ret","isPartOf":{"@id":"https:\/\/operapaskaret.se\/#website"},"datePublished":"2025-03-13T13:05:42+00:00","dateModified":"2025-07-24T07:44:53+00:00","breadcrumb":{"@id":"https:\/\/operapaskaret.se\/en\/lilla-horti\/#breadcrumb"},"inLanguage":"en-US","potentialAction":[{"@type":"ReadAction","target":["https:\/\/operapaskaret.se\/en\/lilla-horti\/"]}]},{"@type":"BreadcrumbList","@id":"https:\/\/operapaskaret.se\/en\/lilla-horti\/#breadcrumb","itemListElement":[{"@type":"ListItem","position":1,"name":"Hem","item":"https:\/\/operapaskaret.se\/en\/"},{"@type":"ListItem","position":2,"name":"Lilla Horti"}]},{"@type":"WebSite","@id":"https:\/\/operapaskaret.se\/#website","url":"https:\/\/operapaskaret.se\/","name":"Opera p\u00e5 Sk\u00e4ret","description":"The Opera Festival in the heart of Sweden","publisher":{"@id":"https:\/\/operapaskaret.se\/#organization"},"potentialAction":[{"@type":"SearchAction","target":{"@type":"EntryPoint","urlTemplate":"https:\/\/operapaskaret.se\/?s={search_term_string}"},"query-input":{"@type":"PropertyValueSpecification","valueRequired":true,"valueName":"search_term_string"}}],"inLanguage":"en-US"},{"@type":"Organization","@id":"https:\/\/operapaskaret.se\/#organization","name":"Opera p\u00e5 Sk\u00e4ret","url":"https:\/\/operapaskaret.se\/","logo":{"@type":"ImageObject","inLanguage":"en-US","@id":"https:\/\/operapaskaret.se\/#\/schema\/logo\/image\/","url":"https:\/\/operapaskaret.se\/wp-content\/uploads\/2023\/01\/OPS_Logo_2023_b.svg","contentUrl":"https:\/\/operapaskaret.se\/wp-content\/uploads\/2023\/01\/OPS_Logo_2023_b.svg","width":"1024","height":"1024","caption":"Opera p\u00e5 Sk\u00e4ret"},"image":{"@id":"https:\/\/operapaskaret.se\/#\/schema\/logo\/image\/"},"sameAs":["https:\/\/www.facebook.com\/operapaskaret","https:\/\/www.instagram.com\/operapaskaret\/"]},{"@type":"Person","@id":"https:\/\/operapaskaret.se\/#\/schema\/person\/7e3193cd16679db84c8a79e63b258a40","name":"OPS_katarina","image":{"@type":"ImageObject","inLanguage":"en-US","@id":"https:\/\/secure.gravatar.com\/avatar\/e063955fe9e7cadcaf48b80ff9fd9d717e94626bb76dcecf3963242aa6379f48?s=96&d=mm&r=g","url":"https:\/\/secure.gravatar.com\/avatar\/e063955fe9e7cadcaf48b80ff9fd9d717e94626bb76dcecf3963242aa6379f48?s=96&d=mm&r=g","contentUrl":"https:\/\/secure.gravatar.com\/avatar\/e063955fe9e7cadcaf48b80ff9fd9d717e94626bb76dcecf3963242aa6379f48?s=96&d=mm&r=g","caption":"OPS_katarina"},"url":"https:\/\/operapaskaret.se\/en\/author\/ops_katarina\/"}]}},"_links":{"self":[{"href":"https:\/\/operapaskaret.se\/en\/wp-json\/wp\/v2\/posts\/9410","targetHints":{"allow":["GET"]}}],"collection":[{"href":"https:\/\/operapaskaret.se\/en\/wp-json\/wp\/v2\/posts"}],"about":[{"href":"https:\/\/operapaskaret.se\/en\/wp-json\/wp\/v2\/types\/post"}],"author":[{"embeddable":true,"href":"https:\/\/operapaskaret.se\/en\/wp-json\/wp\/v2\/users\/7"}],"replies":[{"embeddable":true,"href":"https:\/\/operapaskaret.se\/en\/wp-json\/wp\/v2\/comments?post=9410"}],"version-history":[{"count":8,"href":"https:\/\/operapaskaret.se\/en\/wp-json\/wp\/v2\/posts\/9410\/revisions"}],"predecessor-version":[{"id":10533,"href":"https:\/\/operapaskaret.se\/en\/wp-json\/wp\/v2\/posts\/9410\/revisions\/10533"}],"wp:attachment":[{"href":"https:\/\/operapaskaret.se\/en\/wp-json\/wp\/v2\/media?parent=9410"}],"wp:term":[{"taxonomy":"category","embeddable":true,"href":"https:\/\/operapaskaret.se\/en\/wp-json\/wp\/v2\/categories?post=9410"},{"taxonomy":"post_tag","embeddable":true,"href":"https:\/\/operapaskaret.se\/en\/wp-json\/wp\/v2\/tags?post=9410"}],"curies":[{"name":"wp","href":"https:\/\/api.w.org\/{rel}","templated":true}]}}