{"id":9452,"date":"2023-05-03T13:33:48","date_gmt":"2023-05-03T11:33:48","guid":{"rendered":"https:\/\/operapaskaret.se\/?p=9452"},"modified":"2025-07-24T09:47:47","modified_gmt":"2025-07-24T07:47:47","slug":"__trashed","status":"publish","type":"post","link":"https:\/\/operapaskaret.se\/en\/__trashed\/","title":{"rendered":"staffan liljas"},"content":{"rendered":"<p>[et_pb_section fb_built=&#8221;1&#8243; _builder_version=&#8221;4.27.4&#8243; _module_preset=&#8221;default&#8221; global_colors_info=&#8221;{}&#8221;][et_pb_row column_structure=&#8221;1_2,1_2&#8243; _builder_version=&#8221;4.27.4&#8243; _module_preset=&#8221;default&#8221; global_colors_info=&#8221;{}&#8221;][et_pb_column type=&#8221;1_2&#8243; _builder_version=&#8221;4.27.4&#8243; _module_preset=&#8221;default&#8221; global_colors_info=&#8221;{}&#8221;][et_pb_text _builder_version=&#8221;4.20.4&#8243; _dynamic_attributes=&#8221;content&#8221; _module_preset=&#8221;default&#8221; text_font=&#8221;Bebas Neue|||on|||||&#8221; text_font_size=&#8221;50px&#8221; text_line_height=&#8221;1em&#8221; locked=&#8221;off&#8221; global_colors_info=&#8221;{}&#8221;]@ET-DC@eyJkeW5hbWljIjp0cnVlLCJjb250ZW50IjoicG9zdF90aXRsZSIsInNldHRpbmdzIjp7ImJlZm9yZSI6IiIsImFmdGVyIjoiIn19@[\/et_pb_text][et_pb_text _builder_version=&#8221;4.27.4&#8243; _module_preset=&#8221;default&#8221; global_colors_info=&#8221;{}&#8221;]<\/p>\n<p><text class=\"_textbox_x434h_15\" direction=\"ltr\" height=\"7.010009765625\" lengthadjust=\"spacingAndGlyphs\" textlength=\"289.04400634765625\" x=\"252.323486328125\" y=\"-471.0940856933594\" data-test=\"textbox\">This will be the second summer at Opera p\u00e5 Sk\u00e4ret for the Swedish bass <\/text><text class=\"_textbox_x434h_15\" direction=\"ltr\" height=\"6.910003662109375\" lengthadjust=\"spacingAndGlyphs\" textlength=\"238.90200805664062\" x=\"252.74349975585938\" y=\"-458.0940856933594\" data-test=\"textbox\">Staffan Liljas, who performed the role of Count Ceprano in <em>Rigoletto <\/em><\/text><text class=\"_textbox_x434h_15\" direction=\"ltr\" height=\"6.82000732421875\" lengthadjust=\"spacingAndGlyphs\" textlength=\"7.5799560546875\" x=\"530.9855346679688\" y=\"-458.0940856933594\" data-test=\"textbox\">in <\/text><text class=\"_textbox_x434h_15\" direction=\"ltr\" height=\"6.910003662109375\" lengthadjust=\"spacingAndGlyphs\" textlength=\"226.24195861816406\" x=\"252.6534881591797\" y=\"-445.0940856933594\" data-test=\"textbox\">2023. In recent years, Staffan has portrayed the Pharaoh in <em>Aida <\/em><\/text><text class=\"_textbox_x434h_15\" direction=\"ltr\" height=\"6.82000732421875\" lengthadjust=\"spacingAndGlyphs\" textlength=\"33.602996826171875\" x=\"501.2554626464844\" y=\"-445.0940856933594\" data-test=\"textbox\">at Werm<\/text><text class=\"_textbox_x434h_15\" direction=\"ltr\" height=\"6.990020751953125\" lengthadjust=\"spacingAndGlyphs\" textlength=\"185.86798095703125\" x=\"252.98348999023438\" y=\"-432.0940856933594\" data-test=\"textbox\">land Opera, participated in the children\u2019s opera <em>Where is the Sandwich? <\/em><\/text><text class=\"_textbox_x434h_15\" direction=\"ltr\" height=\"5.980010986328125\" lengthadjust=\"spacingAndGlyphs\" textlength=\"7.0899658203125\" x=\"531.4715576171875\" y=\"-432.0940856933594\" data-test=\"textbox\">at <\/text><text class=\"_textbox_x434h_15\" direction=\"ltr\" height=\"6.910003662109375\" lengthadjust=\"spacingAndGlyphs\" textlength=\"282.7489776611328\" x=\"252.10350036621094\" y=\"-419.0940856933594\" data-test=\"textbox\">the Royal Swedish Opera, and performed a solo concert with the Dalasin<\/text><text class=\"_textbox_x434h_15\" direction=\"ltr\" height=\"6.910003662109375\" lengthadjust=\"spacingAndGlyphs\" textlength=\"145.44097900390625\" x=\"252.39349365234375\" y=\"-406.0940856933594\" data-test=\"textbox\">fonietta. He has also sung Gremin in <em>Eugene Onegin <\/em><\/text><text class=\"_textbox_x434h_15\" direction=\"ltr\" height=\"6.82000732421875\" lengthadjust=\"spacingAndGlyphs\" textlength=\"75.84103393554688\" x=\"462.7594909667969\" y=\"-406.0940856933594\" data-test=\"textbox\">in the Netherlands <\/text><text class=\"_textbox_x434h_15\" direction=\"ltr\" height=\"6.910003662109375\" lengthadjust=\"spacingAndGlyphs\" textlength=\"285.95001220703125\" x=\"252.64349365234375\" y=\"-393.0940856933594\" data-test=\"textbox\">and recorded a romance album with the Hamburg Symphony Orchestra. <\/text><text class=\"_textbox_x434h_15\" direction=\"ltr\" height=\"6.990020751953125\" lengthadjust=\"spacingAndGlyphs\" textlength=\"225.11798095703125\" x=\"253.05349731445312\" y=\"-380.0940856933594\" data-test=\"textbox\">Most recently, he performed as Polyphemus in Handel\u2019s <em>Acis &amp; Galatea <\/em><\/text><text class=\"_textbox_x434h_15\" direction=\"ltr\" height=\"6.910003662109375\" lengthadjust=\"spacingAndGlyphs\" textlength=\"289.09303283691406\" x=\"252.2834930419922\" y=\"-367.0940856933594\" data-test=\"textbox\">with Cappella Mediterranea and Leonardo Garc\u00eda Alarc\u00f3n at the Op\u00e9ra <\/text><text class=\"_textbox_x434h_15\" direction=\"ltr\" height=\"6.82000732421875\" lengthadjust=\"spacingAndGlyphs\" textlength=\"71.17901611328125\" x=\"253.073486328125\" y=\"-354.0940856933594\" data-test=\"textbox\">Royal de Versailles.<\/text><\/p>\n<p>[\/et_pb_text][\/et_pb_column][et_pb_column type=&#8221;1_2&#8243; _builder_version=&#8221;4.27.4&#8243; _module_preset=&#8221;default&#8221; global_colors_info=&#8221;{}&#8221;][et_pb_image src=&#8221;https:\/\/operapaskaret.se\/wp-content\/uploads\/2025\/07\/photographer_andreas-hylthen-6195-scaled.jpg&#8221; title_text=&#8221;photographer_andreas hylthen-6195&#8243; _builder_version=&#8221;4.27.4&#8243; _module_preset=&#8221;default&#8221; hover_enabled=&#8221;0&#8243; global_colors_info=&#8221;{}&#8221; sticky_enabled=&#8221;0&#8243; alt=&#8221;Staffan Liljas&#8221;][\/et_pb_image][\/et_pb_column][\/et_pb_row][\/et_pb_section]<\/p>\n","protected":false},"excerpt":{"rendered":"<p>This will be the second summer at Opera p\u00e5 Sk\u00e4ret for the Swedish bass Staffan Liljas, who performed the role of Count Ceprano in Rigoletto in 2023. In recent years, Staffan has portrayed the Pharaoh in Aida at Wermland Opera, participated in the children\u2019s opera Where is the Sandwich? at the Royal Swedish Opera, and [&hellip;]<\/p>\n","protected":false},"author":7,"featured_media":0,"comment_status":"open","ping_status":"open","sticky":false,"template":"","format":"standard","meta":{"_et_pb_use_builder":"on","_et_pb_old_content":"","_et_gb_content_width":"","inline_featured_image":false,"footnotes":""},"categories":[37],"tags":[],"class_list":["post-9452","post","type-post","status-publish","format-standard","hentry","category-solister-en"],"yoast_head":"<!-- This site is optimized with the Yoast SEO plugin v27.5 - https:\/\/yoast.com\/product\/yoast-seo-wordpress\/ -->\n<title>staffan liljas - Opera p\u00e5 Sk\u00e4ret<\/title>\n<meta name=\"robots\" content=\"index, follow, max-snippet:-1, max-image-preview:large, max-video-preview:-1\" \/>\n<link rel=\"canonical\" href=\"https:\/\/operapaskaret.se\/en\/__trashed\/\" \/>\n<meta property=\"og:locale\" content=\"en_US\" \/>\n<meta property=\"og:type\" content=\"article\" \/>\n<meta property=\"og:title\" content=\"staffan liljas - Opera p\u00e5 Sk\u00e4ret\" \/>\n<meta property=\"og:description\" content=\"This will be the second summer at Opera p\u00e5 Sk\u00e4ret for the Swedish bass Staffan Liljas, who performed the role of Count Ceprano in Rigoletto in 2023. In recent years, Staffan has portrayed the Pharaoh in Aida at Wermland Opera, participated in the children\u2019s opera Where is the Sandwich? at the Royal Swedish Opera, and [&hellip;]\" \/>\n<meta property=\"og:url\" content=\"https:\/\/operapaskaret.se\/en\/__trashed\/\" \/>\n<meta property=\"og:site_name\" content=\"Opera p\u00e5 Sk\u00e4ret\" \/>\n<meta property=\"article:publisher\" content=\"https:\/\/www.facebook.com\/operapaskaret\" \/>\n<meta property=\"article:published_time\" content=\"2023-05-03T11:33:48+00:00\" \/>\n<meta property=\"article:modified_time\" content=\"2025-07-24T07:47:47+00:00\" \/>\n<meta name=\"author\" content=\"OPS_katarina\" \/>\n<meta name=\"twitter:card\" content=\"summary_large_image\" \/>\n<meta name=\"twitter:label1\" content=\"Written by\" \/>\n\t<meta name=\"twitter:data1\" content=\"OPS_katarina\" \/>\n<script type=\"application\/ld+json\" class=\"yoast-schema-graph\">{\"@context\":\"https:\\\/\\\/schema.org\",\"@graph\":[{\"@type\":\"Article\",\"@id\":\"https:\\\/\\\/operapaskaret.se\\\/en\\\/__trashed\\\/#article\",\"isPartOf\":{\"@id\":\"https:\\\/\\\/operapaskaret.se\\\/en\\\/__trashed\\\/\"},\"author\":{\"name\":\"OPS_katarina\",\"@id\":\"https:\\\/\\\/operapaskaret.se\\\/#\\\/schema\\\/person\\\/7e3193cd16679db84c8a79e63b258a40\"},\"headline\":\"staffan liljas\",\"datePublished\":\"2023-05-03T11:33:48+00:00\",\"dateModified\":\"2025-07-24T07:47:47+00:00\",\"mainEntityOfPage\":{\"@id\":\"https:\\\/\\\/operapaskaret.se\\\/en\\\/__trashed\\\/\"},\"wordCount\":271,\"commentCount\":0,\"publisher\":{\"@id\":\"https:\\\/\\\/operapaskaret.se\\\/#organization\"},\"articleSection\":[\"Solister\"],\"inLanguage\":\"en-US\",\"potentialAction\":[{\"@type\":\"CommentAction\",\"name\":\"Comment\",\"target\":[\"https:\\\/\\\/operapaskaret.se\\\/en\\\/__trashed\\\/#respond\"]}]},{\"@type\":\"WebPage\",\"@id\":\"https:\\\/\\\/operapaskaret.se\\\/en\\\/__trashed\\\/\",\"url\":\"https:\\\/\\\/operapaskaret.se\\\/en\\\/__trashed\\\/\",\"name\":\"staffan liljas - Opera p\u00e5 Sk\u00e4ret\",\"isPartOf\":{\"@id\":\"https:\\\/\\\/operapaskaret.se\\\/#website\"},\"datePublished\":\"2023-05-03T11:33:48+00:00\",\"dateModified\":\"2025-07-24T07:47:47+00:00\",\"breadcrumb\":{\"@id\":\"https:\\\/\\\/operapaskaret.se\\\/en\\\/__trashed\\\/#breadcrumb\"},\"inLanguage\":\"en-US\",\"potentialAction\":[{\"@type\":\"ReadAction\",\"target\":[\"https:\\\/\\\/operapaskaret.se\\\/en\\\/__trashed\\\/\"]}]},{\"@type\":\"BreadcrumbList\",\"@id\":\"https:\\\/\\\/operapaskaret.se\\\/en\\\/__trashed\\\/#breadcrumb\",\"itemListElement\":[{\"@type\":\"ListItem\",\"position\":1,\"name\":\"Hem\",\"item\":\"https:\\\/\\\/operapaskaret.se\\\/en\\\/\"},{\"@type\":\"ListItem\",\"position\":2,\"name\":\"staffan liljas\"}]},{\"@type\":\"WebSite\",\"@id\":\"https:\\\/\\\/operapaskaret.se\\\/#website\",\"url\":\"https:\\\/\\\/operapaskaret.se\\\/\",\"name\":\"Opera p\u00e5 Sk\u00e4ret\",\"description\":\"The Opera Festival in the heart of Sweden\",\"publisher\":{\"@id\":\"https:\\\/\\\/operapaskaret.se\\\/#organization\"},\"potentialAction\":[{\"@type\":\"SearchAction\",\"target\":{\"@type\":\"EntryPoint\",\"urlTemplate\":\"https:\\\/\\\/operapaskaret.se\\\/?s={search_term_string}\"},\"query-input\":{\"@type\":\"PropertyValueSpecification\",\"valueRequired\":true,\"valueName\":\"search_term_string\"}}],\"inLanguage\":\"en-US\"},{\"@type\":\"Organization\",\"@id\":\"https:\\\/\\\/operapaskaret.se\\\/#organization\",\"name\":\"Opera p\u00e5 Sk\u00e4ret\",\"url\":\"https:\\\/\\\/operapaskaret.se\\\/\",\"logo\":{\"@type\":\"ImageObject\",\"inLanguage\":\"en-US\",\"@id\":\"https:\\\/\\\/operapaskaret.se\\\/#\\\/schema\\\/logo\\\/image\\\/\",\"url\":\"https:\\\/\\\/operapaskaret.se\\\/wp-content\\\/uploads\\\/2023\\\/01\\\/OPS_Logo_2023_b.svg\",\"contentUrl\":\"https:\\\/\\\/operapaskaret.se\\\/wp-content\\\/uploads\\\/2023\\\/01\\\/OPS_Logo_2023_b.svg\",\"width\":\"1024\",\"height\":\"1024\",\"caption\":\"Opera p\u00e5 Sk\u00e4ret\"},\"image\":{\"@id\":\"https:\\\/\\\/operapaskaret.se\\\/#\\\/schema\\\/logo\\\/image\\\/\"},\"sameAs\":[\"https:\\\/\\\/www.facebook.com\\\/operapaskaret\",\"https:\\\/\\\/www.instagram.com\\\/operapaskaret\\\/\"]},{\"@type\":\"Person\",\"@id\":\"https:\\\/\\\/operapaskaret.se\\\/#\\\/schema\\\/person\\\/7e3193cd16679db84c8a79e63b258a40\",\"name\":\"OPS_katarina\",\"image\":{\"@type\":\"ImageObject\",\"inLanguage\":\"en-US\",\"@id\":\"https:\\\/\\\/secure.gravatar.com\\\/avatar\\\/e063955fe9e7cadcaf48b80ff9fd9d717e94626bb76dcecf3963242aa6379f48?s=96&d=mm&r=g\",\"url\":\"https:\\\/\\\/secure.gravatar.com\\\/avatar\\\/e063955fe9e7cadcaf48b80ff9fd9d717e94626bb76dcecf3963242aa6379f48?s=96&d=mm&r=g\",\"contentUrl\":\"https:\\\/\\\/secure.gravatar.com\\\/avatar\\\/e063955fe9e7cadcaf48b80ff9fd9d717e94626bb76dcecf3963242aa6379f48?s=96&d=mm&r=g\",\"caption\":\"OPS_katarina\"},\"url\":\"https:\\\/\\\/operapaskaret.se\\\/en\\\/author\\\/ops_katarina\\\/\"}]}<\/script>\n<!-- \/ Yoast SEO plugin. -->","yoast_head_json":{"title":"staffan liljas - Opera p\u00e5 Sk\u00e4ret","robots":{"index":"index","follow":"follow","max-snippet":"max-snippet:-1","max-image-preview":"max-image-preview:large","max-video-preview":"max-video-preview:-1"},"canonical":"https:\/\/operapaskaret.se\/en\/__trashed\/","og_locale":"en_US","og_type":"article","og_title":"staffan liljas - Opera p\u00e5 Sk\u00e4ret","og_description":"This will be the second summer at Opera p\u00e5 Sk\u00e4ret for the Swedish bass Staffan Liljas, who performed the role of Count Ceprano in Rigoletto in 2023. In recent years, Staffan has portrayed the Pharaoh in Aida at Wermland Opera, participated in the children\u2019s opera Where is the Sandwich? at the Royal Swedish Opera, and [&hellip;]","og_url":"https:\/\/operapaskaret.se\/en\/__trashed\/","og_site_name":"Opera p\u00e5 Sk\u00e4ret","article_publisher":"https:\/\/www.facebook.com\/operapaskaret","article_published_time":"2023-05-03T11:33:48+00:00","article_modified_time":"2025-07-24T07:47:47+00:00","author":"OPS_katarina","twitter_card":"summary_large_image","twitter_misc":{"Written by":"OPS_katarina"},"schema":{"@context":"https:\/\/schema.org","@graph":[{"@type":"Article","@id":"https:\/\/operapaskaret.se\/en\/__trashed\/#article","isPartOf":{"@id":"https:\/\/operapaskaret.se\/en\/__trashed\/"},"author":{"name":"OPS_katarina","@id":"https:\/\/operapaskaret.se\/#\/schema\/person\/7e3193cd16679db84c8a79e63b258a40"},"headline":"staffan liljas","datePublished":"2023-05-03T11:33:48+00:00","dateModified":"2025-07-24T07:47:47+00:00","mainEntityOfPage":{"@id":"https:\/\/operapaskaret.se\/en\/__trashed\/"},"wordCount":271,"commentCount":0,"publisher":{"@id":"https:\/\/operapaskaret.se\/#organization"},"articleSection":["Solister"],"inLanguage":"en-US","potentialAction":[{"@type":"CommentAction","name":"Comment","target":["https:\/\/operapaskaret.se\/en\/__trashed\/#respond"]}]},{"@type":"WebPage","@id":"https:\/\/operapaskaret.se\/en\/__trashed\/","url":"https:\/\/operapaskaret.se\/en\/__trashed\/","name":"staffan liljas - Opera p\u00e5 Sk\u00e4ret","isPartOf":{"@id":"https:\/\/operapaskaret.se\/#website"},"datePublished":"2023-05-03T11:33:48+00:00","dateModified":"2025-07-24T07:47:47+00:00","breadcrumb":{"@id":"https:\/\/operapaskaret.se\/en\/__trashed\/#breadcrumb"},"inLanguage":"en-US","potentialAction":[{"@type":"ReadAction","target":["https:\/\/operapaskaret.se\/en\/__trashed\/"]}]},{"@type":"BreadcrumbList","@id":"https:\/\/operapaskaret.se\/en\/__trashed\/#breadcrumb","itemListElement":[{"@type":"ListItem","position":1,"name":"Hem","item":"https:\/\/operapaskaret.se\/en\/"},{"@type":"ListItem","position":2,"name":"staffan liljas"}]},{"@type":"WebSite","@id":"https:\/\/operapaskaret.se\/#website","url":"https:\/\/operapaskaret.se\/","name":"Opera p\u00e5 Sk\u00e4ret","description":"The Opera Festival in the heart of Sweden","publisher":{"@id":"https:\/\/operapaskaret.se\/#organization"},"potentialAction":[{"@type":"SearchAction","target":{"@type":"EntryPoint","urlTemplate":"https:\/\/operapaskaret.se\/?s={search_term_string}"},"query-input":{"@type":"PropertyValueSpecification","valueRequired":true,"valueName":"search_term_string"}}],"inLanguage":"en-US"},{"@type":"Organization","@id":"https:\/\/operapaskaret.se\/#organization","name":"Opera p\u00e5 Sk\u00e4ret","url":"https:\/\/operapaskaret.se\/","logo":{"@type":"ImageObject","inLanguage":"en-US","@id":"https:\/\/operapaskaret.se\/#\/schema\/logo\/image\/","url":"https:\/\/operapaskaret.se\/wp-content\/uploads\/2023\/01\/OPS_Logo_2023_b.svg","contentUrl":"https:\/\/operapaskaret.se\/wp-content\/uploads\/2023\/01\/OPS_Logo_2023_b.svg","width":"1024","height":"1024","caption":"Opera p\u00e5 Sk\u00e4ret"},"image":{"@id":"https:\/\/operapaskaret.se\/#\/schema\/logo\/image\/"},"sameAs":["https:\/\/www.facebook.com\/operapaskaret","https:\/\/www.instagram.com\/operapaskaret\/"]},{"@type":"Person","@id":"https:\/\/operapaskaret.se\/#\/schema\/person\/7e3193cd16679db84c8a79e63b258a40","name":"OPS_katarina","image":{"@type":"ImageObject","inLanguage":"en-US","@id":"https:\/\/secure.gravatar.com\/avatar\/e063955fe9e7cadcaf48b80ff9fd9d717e94626bb76dcecf3963242aa6379f48?s=96&d=mm&r=g","url":"https:\/\/secure.gravatar.com\/avatar\/e063955fe9e7cadcaf48b80ff9fd9d717e94626bb76dcecf3963242aa6379f48?s=96&d=mm&r=g","contentUrl":"https:\/\/secure.gravatar.com\/avatar\/e063955fe9e7cadcaf48b80ff9fd9d717e94626bb76dcecf3963242aa6379f48?s=96&d=mm&r=g","caption":"OPS_katarina"},"url":"https:\/\/operapaskaret.se\/en\/author\/ops_katarina\/"}]}},"_links":{"self":[{"href":"https:\/\/operapaskaret.se\/en\/wp-json\/wp\/v2\/posts\/9452","targetHints":{"allow":["GET"]}}],"collection":[{"href":"https:\/\/operapaskaret.se\/en\/wp-json\/wp\/v2\/posts"}],"about":[{"href":"https:\/\/operapaskaret.se\/en\/wp-json\/wp\/v2\/types\/post"}],"author":[{"embeddable":true,"href":"https:\/\/operapaskaret.se\/en\/wp-json\/wp\/v2\/users\/7"}],"replies":[{"embeddable":true,"href":"https:\/\/operapaskaret.se\/en\/wp-json\/wp\/v2\/comments?post=9452"}],"version-history":[{"count":8,"href":"https:\/\/operapaskaret.se\/en\/wp-json\/wp\/v2\/posts\/9452\/revisions"}],"predecessor-version":[{"id":10535,"href":"https:\/\/operapaskaret.se\/en\/wp-json\/wp\/v2\/posts\/9452\/revisions\/10535"}],"wp:attachment":[{"href":"https:\/\/operapaskaret.se\/en\/wp-json\/wp\/v2\/media?parent=9452"}],"wp:term":[{"taxonomy":"category","embeddable":true,"href":"https:\/\/operapaskaret.se\/en\/wp-json\/wp\/v2\/categories?post=9452"},{"taxonomy":"post_tag","embeddable":true,"href":"https:\/\/operapaskaret.se\/en\/wp-json\/wp\/v2\/tags?post=9452"}],"curies":[{"name":"wp","href":"https:\/\/api.w.org\/{rel}","templated":true}]}}